{"id":979,"date":"2018-05-15T16:47:10","date_gmt":"2018-05-15T14:47:10","guid":{"rendered":"https:\/\/urdla.com\/blog\/?p=979"},"modified":"2020-03-27T15:53:26","modified_gmt":"2020-03-27T14:53:26","slug":"six-cents-mois-apres","status":"publish","type":"post","link":"https:\/\/urdla.com\/blog\/six-cents-mois-apres\/","title":{"rendered":"Six cents mois apr\u00e8s"},"content":{"rendered":"<p>Six cents mois avant le 24 mai 2018, les violents affrontements du vendredi 24 mai 1968, marqu\u00e9s \u00e0 Lyon par la mort du commissaire Lacroix, ouvrent vers un retournement de la population fran\u00e7aise en faveur du gouvernement.<\/p>\n<p>Six mois apr\u00e8s le quarantenaire de Mai 68, en octobre 2008, l\u2019URDLA publie dans la bien nomm\u00e9e collection <em>hurdle<\/em> le r\u00e9cit par Marc Pierret de sa travers\u00e9e des \u00e9v\u00e9nements de 68 : pas comme \u00e9tudiant, il avait alors quarante ans.<\/p>\n<p><img loading=\"lazy\" class=\"alignleft size-full wp-image-1004\" src=\"https:\/\/urdla.com\/blog\/wp-content\/uploads\/2018\/05\/BD-URDLA-SCUOLA-13.jpg\" alt=\"\" width=\"1500\" height=\"1000\" srcset=\"https:\/\/urdla.com\/blog\/wp-content\/uploads\/2018\/05\/BD-URDLA-SCUOLA-13.jpg 1500w, https:\/\/urdla.com\/blog\/wp-content\/uploads\/2018\/05\/BD-URDLA-SCUOLA-13-300x200.jpg 300w, https:\/\/urdla.com\/blog\/wp-content\/uploads\/2018\/05\/BD-URDLA-SCUOLA-13-768x512.jpg 768w, https:\/\/urdla.com\/blog\/wp-content\/uploads\/2018\/05\/BD-URDLA-SCUOLA-13-1024x683.jpg 1024w, https:\/\/urdla.com\/blog\/wp-content\/uploads\/2018\/05\/BD-URDLA-SCUOLA-13-272x182.jpg 272w\" sizes=\"(max-width: 1500px) 100vw, 1500px\" \/><\/p>\n<p>Six cent mois apr\u00e8s Mai 68, \u00e0 l\u2019occasion de la publication aux PUL par le Collectif de la Grande C\u00f4te de Lyon en luttes dans les ann\u00e9es 68, lieux et trajectoires de la contestation, sortent des tiroirs de Daniel Pothin des affiches imprim\u00e9es et \u00e9dit\u00e9es par l\u2019atelier de l\u2019\u00c9cole des beaux-arts de Lyon. Si les affiches sorties des presses de l\u2019\u00c9cole des beaux-arts de Paris, baptis\u00e9e pendant cette p\u00e9riode Atelier Populaire, ont beaucoup circul\u00e9, celles r\u00e9alis\u00e9es \u00e0 Lyon n\u2019\u00e9taient connues que de quelques aficionados. L\u2019occasion est ici offerte d\u2019en d\u00e9couvrir une large s\u00e9lection.<\/p>\n<p>Dans Peintres et Vilains, Maurice Pianzola relate l\u2019alliance des artistes et des manants dans les \u00e9v\u00e9nements survenus autour de 1525 en France et en Allemagne, connus aujourd\u2019hui sous le nom de Guerre des Paysans. Ainsi, dans un texte qui oscille entre analyse politique et \u00e9pop\u00e9e, o\u00f9 les artistes (Hans Sebald Beham, Lucas Cranach l\u2019Ancien, Albrecht D\u00fcrer, Urs Graf, Hans Holbein le Jeune\u2026) s\u2019\u00e9rigent en acteurs r\u00e9volutionnaires aux c\u00f4t\u00e9s des forces opprim\u00e9es, porte-t-il la fonction intrins\u00e8que \u00e0 l\u2019art imprim\u00e9. D\u2019autres artistes par la suite tels Jacques Callot ou Francisco de Goya s\u2019empareront de l\u2019estampe pour d\u00e9voiler les victimes d\u2019oppressions.<\/p>\n<p>Six cents mois apr\u00e8s, proposition de Mathieu Br\u00e8thes (artiste \u00e0 louer) &amp; Cyrille Noirjean (directeur de l\u2019URDLA) s\u2019\u00e9toile en plusieurs lieux. \u00c0 l\u2019URDLA, au c\u0153ur des presses ancestrales, les affiches (pr\u00eats de l\u2019Universit\u00e9 Lumi\u00e8re, Lyon 2), adoss\u00e9es \u00e0 la biblioth\u00e8que de pav\u00e9s, chantent une ballade des luttes port\u00e9es par les artistes &amp; par l\u2019imprim\u00e9. Les estampes de Damien Deroubaix et Tony Morgan des ann\u00e9es 2000 r\u00e9sonnent avec les motifs et les slogans de 1968. Quant aux photographies de Ren\u00e9 Basset (pr\u00eats de la BML) et la m\u00e9moire transport\u00e9e par SOTRAMEM (entreprise-artiste de Mathieu Br\u00e8thes), elles inscrivent les traces du mouvement dans le champ plastique. Le voisinage des \u00e9ditions (livres, revues, documents) \u00e9crit le fil et la forme d\u2019une contestation qui ne s\u2019\u00e9tiole pas. La radiodiffusion, gond &amp; crapaudine de Mai 68, est r\u00e9activ\u00e9e gr\u00e2ce \u00e0 Bubble.art. Le 31 mai, l&rsquo;enregistrement en public et \u00e0 l&rsquo;URDLA de Cultures Vivantes, permettra de relier les ann\u00e9es de luttes \u00e0 Lyon avec les pr\u00e9occupations d&rsquo;aujourd&rsquo;hui.<\/p>\n<p><img loading=\"lazy\" class=\"alignleft size-full wp-image-1005\" src=\"https:\/\/urdla.com\/blog\/wp-content\/uploads\/2018\/05\/BD-URDLA-SCUOLA-26.jpg\" alt=\"\" width=\"1500\" height=\"1000\" srcset=\"https:\/\/urdla.com\/blog\/wp-content\/uploads\/2018\/05\/BD-URDLA-SCUOLA-26.jpg 1500w, https:\/\/urdla.com\/blog\/wp-content\/uploads\/2018\/05\/BD-URDLA-SCUOLA-26-300x200.jpg 300w, https:\/\/urdla.com\/blog\/wp-content\/uploads\/2018\/05\/BD-URDLA-SCUOLA-26-768x512.jpg 768w, https:\/\/urdla.com\/blog\/wp-content\/uploads\/2018\/05\/BD-URDLA-SCUOLA-26-1024x683.jpg 1024w, https:\/\/urdla.com\/blog\/wp-content\/uploads\/2018\/05\/BD-URDLA-SCUOLA-26-272x182.jpg 272w\" sizes=\"(max-width: 1500px) 100vw, 1500px\" \/><\/p>\n<p>Le samedi 26 mai, la f\u00eate nationale de l\u2019estampe comm\u00e9more l\u2019\u00e9dit de Saint-Jean-de-Luz (26 mai 1660) par lequel le jeune roi Louis XIV \u00ab maintient et garde l\u2019art de la gravure en tailles-douces, au burin et \u00e0 l\u2019eauforte, et autres mani\u00e8res, et ceux qui font profession, tant r\u00e9gnicoles qu\u2019\u00e9trangers, en la libert\u00e9 qu\u2019ils ont toujours eue de l\u2019exercer dans le royaume, sans qu\u2019ils puissent \u00eatre r\u00e9duits en ma\u00eetrise ni corps de m\u00e9tier, ni sujets \u00e0 autres r\u00e8gles ni contr\u00f4les, sous quelque nom que ce soit. \u00bb Cet \u00e9dit fait suite au soul\u00e8vement des graveurs contre la tentative de mise sous coupe r\u00e9gl\u00e9e de leur pratique par l\u2019architecte Mansart. \u00c0 la MLIS, l\u2019atelier Slogan contre slogan (anim\u00e9 par Mathieu Br\u00e8thes &amp; l\u2019URDLA) invite \u00e0 jouer avec les slogans de Mai 68, \u00e0 imaginer comment donner un nouveau souffle \u00e0 ces clich\u00e9s repris par la publicit\u00e9 en produisant des affiches, m\u00e9langes de linogravure, typographie et collage.<\/p>\n<p>Au TNP, le m\u00eame jour, pour Les Langagi\u00e8res, Dazibao propose une bal(l)ade en estampes appuy\u00e9e sur les mots de l\u2019imprimeur qui, depuis l\u2019avantRenaissance, soutient de ses mains les r\u00e9voltes.<\/p>\n<p>Six cents mois apr\u00e8s s\u2019agr\u00e8ge \u00e0 SCUOLA URDLA qui pr\u00e9sente les travaux r\u00e9alis\u00e9s cette ann\u00e9e universitaire dans des coll\u00e8ges et lyc\u00e9e de la R\u00e9gion Auvergne-Rh\u00f4ne-Alpes gr\u00e2ce au travail des enseignants, d\u2019artistes associ\u00e9s et de l\u2019URDLA. Ainsi deux cent treize \u00e9l\u00e8ves purent rencontrer dans le m\u00eame mouvement l\u2019angoisse face aux possibles qu\u2019ouvre toute pratique artistique et sa r\u00e9solution dans la structure, ici des techniques de l\u2019estampe. La transmission se tisse sur le fil de l\u2019assertion de Mallarm\u00e9 en exergue de la pr\u00e9c\u00e9dente exposition : \u00ab Je ne sais d\u2019autre bombe qu\u2019un livre. \u00bb<\/p>\n<p><img loading=\"lazy\" class=\"alignleft size-full wp-image-1007\" src=\"https:\/\/urdla.com\/blog\/wp-content\/uploads\/2018\/05\/BD-URDLA-SCUOLA-18.jpg\" alt=\"\" width=\"1000\" height=\"1500\" srcset=\"https:\/\/urdla.com\/blog\/wp-content\/uploads\/2018\/05\/BD-URDLA-SCUOLA-18.jpg 1000w, https:\/\/urdla.com\/blog\/wp-content\/uploads\/2018\/05\/BD-URDLA-SCUOLA-18-200x300.jpg 200w, https:\/\/urdla.com\/blog\/wp-content\/uploads\/2018\/05\/BD-URDLA-SCUOLA-18-768x1152.jpg 768w, https:\/\/urdla.com\/blog\/wp-content\/uploads\/2018\/05\/BD-URDLA-SCUOLA-18-683x1024.jpg 683w\" sizes=\"(max-width: 1000px) 100vw, 1000px\" \/><\/p>\n","protected":false},"excerpt":{"rendered":"<p>Six cents mois avant le 24 mai 2018, les violents affrontements du vendredi 24 mai 1968, marque \u00e0\u00a0 Lyon par la mort du commissaire Lacroix, ouvrent vers un retournement de la population fran\u00e7aise en faveur du gouvernement.<\/p>\n","protected":false},"author":4,"featured_media":997,"comment_status":"closed","ping_status":"closed","sticky":false,"template":"","format":"standard","meta":[],"categories":[7],"tags":[],"acf":[],"_links":{"self":[{"href":"https:\/\/urdla.com\/blog\/wp-json\/wp\/v2\/posts\/979"}],"collection":[{"href":"https:\/\/urdla.com\/blog\/wp-json\/wp\/v2\/posts"}],"about":[{"href":"https:\/\/urdla.com\/blog\/wp-json\/wp\/v2\/types\/post"}],"author":[{"embeddable":true,"href":"https:\/\/urdla.com\/blog\/wp-json\/wp\/v2\/users\/4"}],"replies":[{"embeddable":true,"href":"https:\/\/urdla.com\/blog\/wp-json\/wp\/v2\/comments?post=979"}],"version-history":[{"count":16,"href":"https:\/\/urdla.com\/blog\/wp-json\/wp\/v2\/posts\/979\/revisions"}],"predecessor-version":[{"id":1916,"href":"https:\/\/urdla.com\/blog\/wp-json\/wp\/v2\/posts\/979\/revisions\/1916"}],"wp:featuredmedia":[{"embeddable":true,"href":"https:\/\/urdla.com\/blog\/wp-json\/wp\/v2\/media\/997"}],"wp:attachment":[{"href":"https:\/\/urdla.com\/blog\/wp-json\/wp\/v2\/media?parent=979"}],"wp:term":[{"taxonomy":"category","embeddable":true,"href":"https:\/\/urdla.com\/blog\/wp-json\/wp\/v2\/categories?post=979"},{"taxonomy":"post_tag","embeddable":true,"href":"https:\/\/urdla.com\/blog\/wp-json\/wp\/v2\/tags?post=979"}],"curies":[{"name":"wp","href":"https:\/\/api.w.org\/{rel}","templated":true}]}}