{"id":28547,"date":"2024-06-12T15:31:10","date_gmt":"2024-06-12T13:31:10","guid":{"rendered":"https:\/\/urdla.com\/blog\/?p=28547"},"modified":"2025-10-02T14:37:10","modified_gmt":"2025-10-02T12:37:10","slug":"a-livres-ouverts-college-jean-mace-maite-marra","status":"publish","type":"post","link":"https:\/\/urdla.com\/blog\/a-livres-ouverts-college-jean-mace-maite-marra\/","title":{"rendered":"\u00c0 livres ouverts, coll\u00e8ge Jean Mac\u00e9, Ma\u00eft\u00e9 Marra"},"content":{"rendered":"<h3 class=\"p1\"><strong><span class=\"\">Jeudi 13 juin 2024, a\u0300 partir de 17 heures 30, a\u0300 URDLA<br class=\"\" \/><\/span><span class=\"\">pre\u0301sentation des travaux re\u0301alise\u0301s\u00a0<\/span><span class=\"\">par les e\u0301le\u0300ves de <\/span><span class=\"\">3e <\/span><\/strong><span class=\"\" style=\"font-weight: bold;\">3 <\/span><span class=\"\">du colle\u0300ge Jean Mace\u0301 de Villeurbanne<br class=\"\" \/>sous la direction artistique de <\/span><span class=\"\" style=\"font-weight: bold;\">Mai\u0308te\u0301 Marra<br class=\"\" \/><\/span><span class=\"\" style=\"font-weight: bold;\">accompagne\u0301s par leurs professeurs\u00a0<\/span><span class=\"\" style=\"font-weight: bold;\">Christelle Pe\u0301ronnet et Chrystelle Joubert Brisson<\/span><\/h3>\n<p>En direction du public scolaire, URDLA co-construit avec les e\u0301tablissements et les collectivite\u0301s concerne\u0301es des parcours d\u2019e\u0301ducation artistique et culturelle, associant des artistes, qui sont une invitation a\u0300 renouveler son regard sur le monde, a\u0300 le de\u0301caler et a\u0300 expe\u0301rimenter une temporalite\u0301 de l\u2019image a\u0300 contrecourant des formats e\u0301phe\u0301me\u0300res et sature\u0301s de l\u2019image nume\u0301rique. Ces projets sont l\u2019occasion de de\u0301couvrir ou rede\u0301couvrir la mate\u0301rialite\u0301 de l\u2019image, une approche manuelle et sensible, ne\u0301cessitant un engagement de soi dans le parcours propose\u0301.<\/p>\n<p>Parmi les dix parcours d\u2019<a href=\"https:\/\/www.culture.gouv.fr\/Thematiques\/education-artistique-et-culturelle\/Actualites\/Charte-pour-l-education-artistique-et-culturelle\">e\u0301ducation artistique et culturelle<\/a> (PEAC) coordonne\u0301s et co-construits par URDLA en 2023-2024, l\u2019association a travaille\u0301 avec le <a href=\"https:\/\/clgjeanmacevilleurbanne.blogs.laclasse.com\/\">colle\u0300ge Jean Mace\u0301<\/a> de Villeurbanne, avec le soutien de la DAAC &#8211; de\u0301le\u0301gation acade\u0301mique aux arts et a\u0300 la culture de Lyon et du Ministe\u0300re de la Culture, via le Pass culture. Vingt-huit e\u0301le\u0300ves de troisie\u0300me, accompagne\u0301s par leurs professeures d\u2019arts plastiques et de lettres, Christelle Pe\u0301ronnet et Chrystelle Joubert Brisson, et avec la direction artistique de <a href=\"https:\/\/urdla.com\/artiste\/598-marra\">Mai\u0308te\u0301 Marra<\/a>, se sont engage\u0301s dans un parcours de seize heures, leur permettant des rencontres et ateliers avec l\u2019artiste au colle\u0300ge, une pratique ambitieuse de l\u2019image imprime\u0301e (linogravure a\u0300 planche perdue) a\u0300 URDLA, co-anime\u0301e par l\u2019artiste et nos me\u0301diatrices, dans laquelle s\u2019est inscrit un travail d\u2019e\u0301criture, suivant le fil de\u0301licat et sensible de l\u2019autoportrait. Le parcours aboutit a\u0300 une restitution a\u0300 URDLA le jeudi 13 juin, dont les e\u0301le\u0300ves, accompagne\u0301s par Mai\u0308te\u0301 Marra, assureront l\u2019installation et la me\u0301diation, et a\u0300 laquelle seront convie\u0301s personnels du colle\u0300ge Jean Mace\u0301, partenaires, familles et amis.<\/p>\n<p>Mai\u0308te\u0301 Marra et URDLA collaborent depuis plusieurs anne\u0301es. En me\u0301diation, elle assure ainsi la direction artistique de projets a\u0300 destination de publics scolaires, adultes&#8230; A\u0300 travers l\u2019image, qu\u2019elle soit film ou photographie, Mai\u0308te\u0301 Marra questionne le regard et ses formes d\u2019enregistrement. A\u0300 l\u2019automne 2020, URDLA e\u0301dite un ensemble de monotypes et d\u2019eaux-fortes de Mai\u0308te\u0301 Marra, pre\u0301sente\u0301 a\u0300 l\u2019occasion de son exposition <a href=\"https:\/\/urdla.com\/blog\/durgence-lamour-maite-marra\/\">DURGENCE LAMOUR<\/a>.<\/p>\n<h3 class=\"p1\"><i>\u00ab \u00c0 livres ouverts \u00bb <\/i>par\u00a0 Chrystelle Joubert Brisson et Christelle Pe\u0301ronnet<\/h3>\n<p class=\"p1\">Rien de moins e\u0301vident que de se dire et de se repre\u0301senter. Parler de soi, c\u2019est s\u2019exposer aux regards, aux critiques, aux jugements ; se dessiner, c\u2019est donner prise aux moqueries, accepter de montrer ses failles, d\u2019e\u0302tre le point de mire. C\u2019est aussi e\u0302tre oblige\u0301 de se regarder en face et l\u2019on ne triche pas avec l\u2019image que renvoie le miroir.<\/p>\n<p>Pourtant, surmontant leurs re\u0301ticences et leur pudeur a\u0300 livrer une tranche de leur vie personnelle, apre\u0300s le re\u0301flexe le\u0301gitime du refus ou les esquives invente\u0301es pour contourner la difficulte\u0301, il a bien fallu que les e\u0301le\u0300ves de la classe de 3e 3 finissent par accepter de confier quelques bribes de leur ve\u0301cu, qu\u2019ils esquissent quelques traits visant a\u0300 les identifier dans toute leur particularite\u0301.<\/p>\n<p><em>Une collection de phrases,<\/em><br \/>\n<em>Souvenirs, citations, re\u0301flexions qui parlent de soi<\/em><br \/>\n<em>Qui s\u2019inscrivent dans une grille tout en jouant avec elle.<\/em><br \/>\n<em>De case en case, le texte se construit, se de\u0301construit, se reconstruit.<\/em><\/p>\n<p><em>Au de\u0301tour de la page, une image,<\/em><\/p>\n<p><em>Une repre\u0301sentation de soi, un autoportrait abstrait,<\/em><\/p>\n<p><em>Au-dela\u0300 de la ressemblance, au-dela\u0300 de l\u2019apparence,<\/em><\/p>\n<p><em>Des symboles, des formes,<\/em><\/p>\n<p><em>Qui \u00ab s\u2019empreintent \u00bb sur la page suivant ou s\u2019e\u0301chappant de la grille invisible.<\/em><\/p>\n<p>Soutenus dans cette de\u0301marche et vigoureusement aiguille\u0301s par Mai\u0308te\u0301 Marra, ils ont chemin faisant de\u0301couvert un lieu singulier qu\u2019ils allaient devoir fre\u0301quenter a\u0300 plusieurs reprises pour de\u0301couvrir des \u0153uvres, les techniques propres a\u0300 l\u2019estampe et surtout pour re\u0301aliser leurs impressions, URDLA.<\/p>\n<p><em>Un immense atelier, des murs blancs parcourus d\u2019impressions, Les presses surdimensionne\u0301es, la lithothe\u0300que monumentale.<\/em><\/p>\n<p>Au gre\u0301 des pre\u0301sentations, expositions, sorties, temps de pratique, ils se sont familiarise\u0301s avec l\u2019objet-livre dont on leur demandait de se saisir pour parler d\u2019eux-me\u0302mes, pour se mettre en mots et en images. Leur regard a change\u0301, les langues se sont de\u0301lie\u0301es, des formes se sont me\u0301tamorphose\u0301es et apre\u0300s l\u2019e\u0301preuve de la gouge, les rouleaux encreurs ont voyage\u0301 sur les matrices. Blanc. Noir. Bleu. Nos troisie\u0300mes-artistes ont fait l\u2019expe\u0301rience de ce moment ou\u0300 l\u2019\u0153uvre e\u0301chappe, n\u2019appartient plus a\u0300 celui ou celle qui l\u2019a re\u0301alise\u0301e, cet instant ou\u0300 elle apparai\u0302t sous une autre apparence que celle attendue, entre ravissement et e\u0301trangete\u0301. Puis les lettres ont progressivement envahi la grille tout juste se\u0300che pour qu\u2019autobiographie et autoportrait viennent in fine se superposer.<\/p>\n<p><em>Une collection de phrases, une collection d\u2019estampes, une collection d\u2019individualite\u0301s se re\u0301unissant dans un livre collectif.<\/em><\/p>\n<p>Gageons que, me\u0302me s\u2019ils n\u2019en prennent pas aujourd\u2019hui pleinement la mesure, ces instants, comme les couches d\u2019encre successives pose\u0301es sur le papier, seront autant de souvenirs qui marqueront leur passage au colle\u0300ge et qu\u2019ils prendront plaisir a\u0300 se reme\u0301morer.<\/p>\n<p><em>Des souvenirs imprime\u0301s prote\u0301ge\u0301s par une boite noire. Une anne\u0301e de travail, de re\u0301flexions conserve\u0301es.<\/em><\/p>\n<p>&nbsp;<\/p>\n","protected":false},"excerpt":{"rendered":"<p>Pre\u0301sentation des travaux re\u0301alise\u0301s\u00a0par les e\u0301le\u0300ves de 3e 3 du colle\u0300ge Jean Mace\u0301 de Villeurbanne sous la direction artistique de Mai\u0308te\u0301 Marra.<\/p>\n","protected":false},"author":4,"featured_media":28556,"comment_status":"closed","ping_status":"closed","sticky":false,"template":"","format":"standard","meta":[],"categories":[6,58],"tags":[],"acf":[],"_links":{"self":[{"href":"https:\/\/urdla.com\/blog\/wp-json\/wp\/v2\/posts\/28547"}],"collection":[{"href":"https:\/\/urdla.com\/blog\/wp-json\/wp\/v2\/posts"}],"about":[{"href":"https:\/\/urdla.com\/blog\/wp-json\/wp\/v2\/types\/post"}],"author":[{"embeddable":true,"href":"https:\/\/urdla.com\/blog\/wp-json\/wp\/v2\/users\/4"}],"replies":[{"embeddable":true,"href":"https:\/\/urdla.com\/blog\/wp-json\/wp\/v2\/comments?post=28547"}],"version-history":[{"count":22,"href":"https:\/\/urdla.com\/blog\/wp-json\/wp\/v2\/posts\/28547\/revisions"}],"predecessor-version":[{"id":28865,"href":"https:\/\/urdla.com\/blog\/wp-json\/wp\/v2\/posts\/28547\/revisions\/28865"}],"wp:featuredmedia":[{"embeddable":true,"href":"https:\/\/urdla.com\/blog\/wp-json\/wp\/v2\/media\/28556"}],"wp:attachment":[{"href":"https:\/\/urdla.com\/blog\/wp-json\/wp\/v2\/media?parent=28547"}],"wp:term":[{"taxonomy":"category","embeddable":true,"href":"https:\/\/urdla.com\/blog\/wp-json\/wp\/v2\/categories?post=28547"},{"taxonomy":"post_tag","embeddable":true,"href":"https:\/\/urdla.com\/blog\/wp-json\/wp\/v2\/tags?post=28547"}],"curies":[{"name":"wp","href":"https:\/\/api.w.org\/{rel}","templated":true}]}}