{"id":2632,"date":"2016-03-26T12:25:33","date_gmt":"2016-03-26T11:25:33","guid":{"rendered":"https:\/\/urdla.com\/blog\/?p=2632"},"modified":"2020-04-07T15:02:15","modified_gmt":"2020-04-07T13:02:15","slug":"bodegon-nature-reposee-manuel-ocampo-francois-martin-et-jean-luc-nancy","status":"publish","type":"post","link":"https:\/\/urdla.com\/blog\/bodegon-nature-reposee-manuel-ocampo-francois-martin-et-jean-luc-nancy\/","title":{"rendered":"<i>Bodegon (nature repos\u00e9e)<\/i>, <\/br>Manuel Ocampo, Fran\u00e7ois Martin &#038; Jean-Luc Nancy"},"content":{"rendered":"<div class=\"page\" title=\"Page 8\">\n<div class=\"layoutArea\">\n<div class=\"column\">\n<p>\u00c0 L\u2019URDLA seront pr\u00e9sent\u00e9es trois gravures de Manuel Ocampo, en relation avec le texte \u00ab Bodegon \u00bb de Jean-Luc Nancy, extrait de Natures mortes, paru dans la collection \u00ab Livres de peintres \u00bb, en 2006, accompagn\u00e9 de linogravures de Fran\u00e7ois Martin. Jean-Luc Nancy rappelle que le terme espagnol \u00ab Bodegon \u00bb d\u00e9signait \u00ab \u00e0 l\u2019origine, cellier, coin de rangement, puis coin de cuisine, coin de table ; beaucoup de restaurants ou bistrots se nomment \u00ab el bodegon \u00bb ; le mot prend en peinture la valeur de \u00ab assemblage \u00bb \u00bb. Les compositions de Manuel Ocampo sont surr\u00e9alistes et narratives, profu- sions d\u2019images grotesques, subversives et d\u00e9cadentes. D\u2019origine hispano-asiatique, n\u00e9 en 1965 aux Philippines, o\u00f9 il vit et travaille aujourd\u2019hui, Manuel Ocampo a v\u00e9cu dix ans en Californie o\u00f9 son premier solo show, en 1988, a ouvert la voie \u00e0 une solide carri\u00e8re internationale. D\u00e8s le d\u00e9but des ann\u00e9es 1990, son travail est montr\u00e9 dans d\u2019importantes expositions institutionnelles et il expose pour la premi\u00e8re fois en France en 1995. Il participe notamment \u00e0 la Documenta IX de Kassel en 1992, \u00e0 la Biennale de Venise en 1993 et \u00e0 la Biennale de Lyon en 2000. Son \u0153uvre figure dans de prestigieuses collections priv\u00e9es et publiques.<\/p>\n<p>Ses peintures sont le reflet de ce croisement de cultures. Tr\u00e8s concern\u00e9 par les probl\u00e8mes de soci\u00e9- t\u00e9, les dangers courus par les cultures minoritaires, il malm\u00e8ne dans son \u0153uvre le capitalisme et le catholicisme espagnol auquel il emprunte de nombreux symboles. Son vocabulaire plastique, viru- lent et provocant, est compos\u00e9 de motifs r\u00e9currents : dents, croix, formes embryonnaires, cr\u00e2nes, signes phalliques et scatologiques, personnages de cartoons&#8230;<\/p>\n<p>Manuel Ocampo est repr\u00e9sent\u00e9 par la galerie Natalie Obadia en France et par la galerie Nosbaum &amp; Reding au Luxembourg.<\/p>\n<\/div>\n<\/div>\n<\/div>\n","protected":false},"excerpt":{"rendered":"<p>\u00c0 L\u2019URDLA seront pr\u00e9sent\u00e9es trois gravures de Manuel Ocampo, en relation avec le texte \u00ab Bodegon \u00bb de Jean-Luc Nancy, extrait de Natures mortes, paru dans la collection \u00ab Livres de peintres \u00bb, en 2006, accompagn\u00e9 de linogravures de Fran\u00e7ois Martin<\/p>\n","protected":false},"author":4,"featured_media":2635,"comment_status":"closed","ping_status":"closed","sticky":false,"template":"","format":"standard","meta":[],"categories":[7],"tags":[],"acf":[],"_links":{"self":[{"href":"https:\/\/urdla.com\/blog\/wp-json\/wp\/v2\/posts\/2632"}],"collection":[{"href":"https:\/\/urdla.com\/blog\/wp-json\/wp\/v2\/posts"}],"about":[{"href":"https:\/\/urdla.com\/blog\/wp-json\/wp\/v2\/types\/post"}],"author":[{"embeddable":true,"href":"https:\/\/urdla.com\/blog\/wp-json\/wp\/v2\/users\/4"}],"replies":[{"embeddable":true,"href":"https:\/\/urdla.com\/blog\/wp-json\/wp\/v2\/comments?post=2632"}],"version-history":[{"count":9,"href":"https:\/\/urdla.com\/blog\/wp-json\/wp\/v2\/posts\/2632\/revisions"}],"predecessor-version":[{"id":2782,"href":"https:\/\/urdla.com\/blog\/wp-json\/wp\/v2\/posts\/2632\/revisions\/2782"}],"wp:featuredmedia":[{"embeddable":true,"href":"https:\/\/urdla.com\/blog\/wp-json\/wp\/v2\/media\/2635"}],"wp:attachment":[{"href":"https:\/\/urdla.com\/blog\/wp-json\/wp\/v2\/media?parent=2632"}],"wp:term":[{"taxonomy":"category","embeddable":true,"href":"https:\/\/urdla.com\/blog\/wp-json\/wp\/v2\/categories?post=2632"},{"taxonomy":"post_tag","embeddable":true,"href":"https:\/\/urdla.com\/blog\/wp-json\/wp\/v2\/tags?post=2632"}],"curies":[{"name":"wp","href":"https:\/\/api.w.org\/{rel}","templated":true}]}}