{"id":2566,"date":"2017-02-16T11:33:20","date_gmt":"2017-02-16T10:33:20","guid":{"rendered":"https:\/\/urdla.com\/blog\/?p=2566"},"modified":"2020-04-07T15:22:04","modified_gmt":"2020-04-07T13:22:04","slug":"eloge-de-lincision-gravures-en-creux","status":"publish","type":"post","link":"https:\/\/urdla.com\/blog\/eloge-de-lincision-gravures-en-creux\/","title":{"rendered":"<i>\u00c9loge de l\u2019incision, gravures en creux<\/i>"},"content":{"rendered":"<div class=\"page\" title=\"Page 2\">\n<div class=\"layoutArea\">\n<div class=\"column\">\n<p>Le titre de cette exposition est \u00e0 prendre au sens propre : cette exposition a une fonction nettement p\u00e9dagogique puisqu\u2019elle pr\u00e9sente un \u00e9tat de la cr\u00e9ation contemporaine autour de la gravure en creux. Elle r\u00e9pond \u00e0 l\u2019un des enjeux de l\u2019URDLA, celui de la transmission d\u2019un patrimoine d\u2019\u0153uvres contemporaines et elle illustre aussi une technique particuli\u00e8re de gravure, la taille-douce et ses diff\u00e9rentes applications artistiques.<\/p>\n<p>Cette exposition va permettre \u00e0 des \u00e9l\u00e8ves de d\u00e9couvrir concr\u00e8tement la gravure en creux et l\u2019\u00e9ventail de ses potentialit\u00e9s gr\u00e2ce au dispositif g\u00e9n\u00e9ral de l\u2019installation, notamment avec des vitrines qui vont pr\u00e9senter les matrices grav\u00e9es en regard des gravures et un espace p\u00e9dagogique. Cette exposition va permettre aussi de pr\u00e9senter un panorama de l\u2019estampe contemporaine (les derni\u00e8res, celles de R\u00e9my Jacquier, ont \u00e9t\u00e9 grav\u00e9es en octobre 2016) et de mettre en valeur sa diversit\u00e9 de productions.<\/p>\n<\/div>\n<\/div>\n<\/div>\n","protected":false},"excerpt":{"rendered":"<p>Le titre de cette exposition est \u00e0 prendre au sens propre : cette exposition a une fonction nettement p\u00e9dagogique puisqu\u2019elle pr\u00e9sente un \u00e9tat de la cr\u00e9ation contemporaine autour de la gravure en creux.<\/p>\n","protected":false},"author":4,"featured_media":2746,"comment_status":"closed","ping_status":"closed","sticky":false,"template":"","format":"standard","meta":[],"categories":[7],"tags":[],"acf":[],"_links":{"self":[{"href":"https:\/\/urdla.com\/blog\/wp-json\/wp\/v2\/posts\/2566"}],"collection":[{"href":"https:\/\/urdla.com\/blog\/wp-json\/wp\/v2\/posts"}],"about":[{"href":"https:\/\/urdla.com\/blog\/wp-json\/wp\/v2\/types\/post"}],"author":[{"embeddable":true,"href":"https:\/\/urdla.com\/blog\/wp-json\/wp\/v2\/users\/4"}],"replies":[{"embeddable":true,"href":"https:\/\/urdla.com\/blog\/wp-json\/wp\/v2\/comments?post=2566"}],"version-history":[{"count":9,"href":"https:\/\/urdla.com\/blog\/wp-json\/wp\/v2\/posts\/2566\/revisions"}],"predecessor-version":[{"id":2827,"href":"https:\/\/urdla.com\/blog\/wp-json\/wp\/v2\/posts\/2566\/revisions\/2827"}],"wp:featuredmedia":[{"embeddable":true,"href":"https:\/\/urdla.com\/blog\/wp-json\/wp\/v2\/media\/2746"}],"wp:attachment":[{"href":"https:\/\/urdla.com\/blog\/wp-json\/wp\/v2\/media?parent=2566"}],"wp:term":[{"taxonomy":"category","embeddable":true,"href":"https:\/\/urdla.com\/blog\/wp-json\/wp\/v2\/categories?post=2566"},{"taxonomy":"post_tag","embeddable":true,"href":"https:\/\/urdla.com\/blog\/wp-json\/wp\/v2\/tags?post=2566"}],"curies":[{"name":"wp","href":"https:\/\/api.w.org\/{rel}","templated":true}]}}