{"id":2191,"date":"2015-04-05T19:43:29","date_gmt":"2015-04-05T17:43:29","guid":{"rendered":"https:\/\/urdla.com\/blog\/?p=2191"},"modified":"2020-04-01T15:34:33","modified_gmt":"2020-04-01T13:34:33","slug":"documents","status":"publish","type":"post","link":"https:\/\/urdla.com\/blog\/documents\/","title":{"rendered":"DOCUMENTS 1929-2015"},"content":{"rendered":"<div class=\"page\" title=\"Page 3\">\n<div class=\"layoutArea\">\n<div class=\"column\">\n<p>Liminaire<\/p>\n<p><em>Documents 1929-2015<\/em> inaugure l\u2019invitation \u00e0 des commissaires ext\u00e9rieurs d\u2019\u00e9laborer une exposition pour l\u2019URDLA. Au d\u00e9but de l\u2019\u00e9t\u00e9 2014 la proposition fut faite \u00e0 L\u00e9a Bismuth qui avait d\u00e9j\u00e0 marqu\u00e9 tout son int\u00e9r\u00eat et son soutien \u00e0 notre travail. Les affinit\u00e9s (s)\u00e9lectives &amp; le plaisir du travail en commun pr\u00e9cipit\u00e8rent la demande : quid d\u2019une exposition \u00e0 l\u2019URDLA ?<\/p>\n<p>Ce projet, enracin\u00e9 dans la revue de Georges Bataille, Georges-Henri Rivi\u00e8re et Carl Einstein, accompagnait L\u00e9a Bismuth de longue date. Tout juste \u00e9voqu\u00e9, la pertinence de sa place \u00e0 l\u2019URDLA s\u2019imposait d\u2019\u00e9vidence soulevant la n\u00e9cessit\u00e9 de demander aux plasticiens choisis, non seulement de r\u00e9agir \u00e0 un article de la revue, mais plus pr\u00e9cis\u00e9ment de tenter de r\u00e9agir par l\u2019imprim\u00e9.<\/p>\n<p>Ainsi ce que vous d\u00e9couvrirez sous les formes de l\u2019exposition s\u2019est constitu\u00e9 en amont sur le partage de la direction artistique de l\u2019URDLA afin que certains des plasticiens choisis puissent travailler dans nos ateliers \u00e0 la r\u00e9alisation d\u2019estampes. Gr\u00e2ce \u00e0 l\u2019\u00e9nergie qui s\u2019est r\u00e9unie autour du projet de L\u00e9a Bismuth la quasi totalit\u00e9 des pi\u00e8ces pr\u00e9sent\u00e9es sont produites pour l\u2019occasion. Un groupe s\u2019est mis au travail, non pas tous ensembles comme de bons petits soldats, mais parce que l\u2019ensemble tient sur chaque singularit\u00e9.<\/p>\n<p>Cette exposition qui s\u2019ouvre poursuit le tissage du fil surr\u00e9aliste de la saison que nous achevons. Dans quelques jours nous fermerons La langue du chat o\u00f9 Daniel Nadaud &amp; Jean-Claude Silbermann s\u2019en remettaient au jeu surr\u00e9aliste de la r\u00e9ponse \u00e0 une question cach\u00e9e. C\u2019est d\u2019une tout autre entr\u00e9e qu\u2019il s\u2019agit dans Documents et pourtant la vis\u00e9e demeure la m\u00eame de faire glisser la r\u00e9alit\u00e9 (image) sur le r\u00e9el, soutenus par la foi que dans l\u2019instant de cet \u00e9cart, dans le lieu de ce d\u00e9calage nous puissions attraper quelques bouts de r\u00e9el.<\/p>\n<p>Cyrille Noirjean 10 juillet 2015<\/p>\n<\/div>\n<\/div>\n<\/div>\n","protected":false},"excerpt":{"rendered":"<p>Documents 1929-2015 inaugure l\u2019invitation \u00e0 des commissaires ext\u00e9rieurs d\u2019\u00e9laborer une exposition pour l\u2019URDLA. Au d\u00e9but de l\u2019\u00e9t\u00e9 2014 la proposition fut faite \u00e0 L\u00e9a Bismuth qui avait d\u00e9j\u00e0 marqu\u00e9 tout son int\u00e9r\u00eat et son soutien \u00e0 notre travail.<\/p>\n","protected":false},"author":4,"featured_media":2198,"comment_status":"closed","ping_status":"closed","sticky":false,"template":"","format":"standard","meta":[],"categories":[7],"tags":[],"acf":[],"_links":{"self":[{"href":"https:\/\/urdla.com\/blog\/wp-json\/wp\/v2\/posts\/2191"}],"collection":[{"href":"https:\/\/urdla.com\/blog\/wp-json\/wp\/v2\/posts"}],"about":[{"href":"https:\/\/urdla.com\/blog\/wp-json\/wp\/v2\/types\/post"}],"author":[{"embeddable":true,"href":"https:\/\/urdla.com\/blog\/wp-json\/wp\/v2\/users\/4"}],"replies":[{"embeddable":true,"href":"https:\/\/urdla.com\/blog\/wp-json\/wp\/v2\/comments?post=2191"}],"version-history":[{"count":9,"href":"https:\/\/urdla.com\/blog\/wp-json\/wp\/v2\/posts\/2191\/revisions"}],"predecessor-version":[{"id":2380,"href":"https:\/\/urdla.com\/blog\/wp-json\/wp\/v2\/posts\/2191\/revisions\/2380"}],"wp:featuredmedia":[{"embeddable":true,"href":"https:\/\/urdla.com\/blog\/wp-json\/wp\/v2\/media\/2198"}],"wp:attachment":[{"href":"https:\/\/urdla.com\/blog\/wp-json\/wp\/v2\/media?parent=2191"}],"wp:term":[{"taxonomy":"category","embeddable":true,"href":"https:\/\/urdla.com\/blog\/wp-json\/wp\/v2\/categories?post=2191"},{"taxonomy":"post_tag","embeddable":true,"href":"https:\/\/urdla.com\/blog\/wp-json\/wp\/v2\/tags?post=2191"}],"curies":[{"name":"wp","href":"https:\/\/api.w.org\/{rel}","templated":true}]}}