{"id":20228,"date":"2024-03-14T14:39:30","date_gmt":"2024-03-14T13:39:30","guid":{"rendered":"https:\/\/urdla.com\/blog\/?p=20228"},"modified":"2024-04-19T17:35:00","modified_gmt":"2024-04-19T15:35:00","slug":"causeries-rencontres-entre-art-et-psychanalyse","status":"publish","type":"post","link":"https:\/\/urdla.com\/blog\/causeries-rencontres-entre-art-et-psychanalyse\/","title":{"rendered":"Causeries, rencontres entre art et psychanalyse"},"content":{"rendered":"<h3 class=\"entry-content\">SAMEDI 27 AVRIL 2024, DE 10 HEURES \u00c0 13 HEURES<\/h3>\n<p class=\"\"><strong>Causeries <a href=\"https:\/\/urdla.com\/artiste\/609-ben-aziza\">Emma Ben Aziza<\/a>, <a href=\"https:\/\/robinsonhaas.com\/\">Robinson Haas<\/a> avec Annie Delannoy et Cyrille Noirjean<\/strong><\/p>\n<p class=\"\">URDLA accueille la troisi\u00e8me s\u00e9ance de ce cycle qui constitue un espace de recherche qui r\u00e9unit diff\u00e9rents champs du savoir : psychanalyse, art, cin\u00e9ma, philosophie et critique. Les rencontres auront une port\u00e9e internationale tant par les artistes invit\u00e9s que par les rencontres qui se d\u00e9rouleront \u00e0 Paris, \u00e0 Lyon et \u00e0 Rome, en impliquant \u00e9galement Berlin, Milan et Naples. Se poursuit un espace de recherche inaugur\u00e9 en 2023, qui relie diff\u00e9rents groupes psychanalytiques, des artistes, des lieux d\u2019arts\u2026<\/p>\n<p class=\"\">Chaque rencontre sera bilingue (italien et fran\u00e7ais), en pr\u00e9sence et par zoom.<\/p>\n<p class=\"\">Comment l&rsquo;art et la psychanalyse se rencontrent-ils alors ? Dans son Hom<i class=\"\">mage fait \u00e0 Marguerite Duras<\/i>, Lacan avance que l\u2019artiste toujours pr\u00e9c\u00e8de l\u2019analyste.\u00a0 Et qu&rsquo;apprend-il ? Massimo Recalcati r\u00e9pond que la psychanalyse ne peut pas regarder l&rsquo;\u0153uvre d&rsquo;art comme s&rsquo;il s&rsquo;agissait d&rsquo;un r\u00eave ou d&rsquo;un sympt\u00f4me \u00e0 interpr\u00e9ter, d&rsquo;une pathologie \u00e0 signaler ; ce qui int\u00e9resse le psychanalyste, c&rsquo;est \u00ab comment une pratique symbolique peut isoler le r\u00e9el, c&rsquo;est-\u00e0-dire ce qui, tout en appartenant au champ symbolique, est en exc\u00e8s par rapport \u00e0 lui \u00bb (in <i class=\"\">Le miracle de la forme<\/i>). Pour des artistes comme Burri ou T\u00e0pies, explique-t-il, la question n&rsquo;est jamais \u00ab qu&rsquo;est-ce que cela veut dire ? \u00bb car, comme le dit Burri lui-m\u00eame, l&rsquo;inconscient de l&rsquo;\u0153uvre consiste dans la \u00ab\u00a0pr\u00e9sence irr\u00e9ductible\u00a0\u00bb de l&rsquo;\u0153uvre elle-m\u00eame, donc dans un r\u00e9el qui \u00e9chappe au jeu herm\u00e9neutique du sens et au d\u00e9chiffrement symbolique d&rsquo;un contenu latent.<\/p>\n<p style=\"text-align: left;\"><strong>Emma Ben Aziza<\/strong><\/p>\n<p class=\"p1\" style=\"text-align: left;\">N\u00e9e en 1997, \u00e0 Clermont-Ferrand et dipl\u00f4m\u00e9e de l\u2019\u00c9cole des Beaux-Arts de Nantes en 2022. Emma Ben Aziza vit \u00e0 Valence et et travaille entre Lyon, Paris et Tunis.<\/p>\n<p class=\"p1\" style=\"text-align: left;\">L\u2019int\u00e9r\u00eat particulier d\u2019Emma Ben Aziza pour les \u00ab petites \u00bb histoires qui forgent le grand r\u00e9cit se nourrit et se r\u00e9v\u00e8le \u00e0 travers ses recherches sensibles de m\u00e9moires de vie, d&rsquo;images emprunt\u00e9es, qu&rsquo;elle recueille puis raconte. Vraies et fausses archives s&rsquo;entrem\u00ealent et donnent sens \u00e0 un ensemble narratif fait de chapitres consacr\u00e9s aux liens existants entre botanique et histoire des diasporas. Une analogie puissante entre deux t\u00e9moins de ph\u00e9nom\u00e8nes de diss\u00e9mination et de survivance qui nourrit un r\u00e9cit n\u00e9cessaire pour Emma Ben Aziza : \u00ab l&rsquo;articulation entre m\u00e9moire collective et singuli\u00e8re, entre botanique et histoire am\u00e8ne \u00e0 de nombreuses interrogations. L&rsquo;analogie v\u00e9g\u00e9tale est puissante, elle nous relie \u00e0 un monde duquel nous nous coupons, celui du vivant. C&rsquo;est en regardant la vie dans tout son processus que nous comprenons o\u00f9 nous sommes. \u00bb<\/p>\n<p><img loading=\"lazy\" class=\"alignnone size-full wp-image-20250 aligncenter\" src=\"https:\/\/urdla.com\/blog\/wp-content\/uploads\/2024\/03\/urdla_emma_4-scaled.jpg\" alt=\"\" width=\"2560\" height=\"1709\" srcset=\"https:\/\/urdla.com\/blog\/wp-content\/uploads\/2024\/03\/urdla_emma_4-scaled.jpg 2560w, https:\/\/urdla.com\/blog\/wp-content\/uploads\/2024\/03\/urdla_emma_4-300x200.jpg 300w, https:\/\/urdla.com\/blog\/wp-content\/uploads\/2024\/03\/urdla_emma_4-1024x684.jpg 1024w, https:\/\/urdla.com\/blog\/wp-content\/uploads\/2024\/03\/urdla_emma_4-768x513.jpg 768w, https:\/\/urdla.com\/blog\/wp-content\/uploads\/2024\/03\/urdla_emma_4-1536x1025.jpg 1536w, https:\/\/urdla.com\/blog\/wp-content\/uploads\/2024\/03\/urdla_emma_4-2048x1367.jpg 2048w, https:\/\/urdla.com\/blog\/wp-content\/uploads\/2024\/03\/urdla_emma_4-2000x1335.jpg 2000w, https:\/\/urdla.com\/blog\/wp-content\/uploads\/2024\/03\/urdla_emma_4-1568x1047.jpg 1568w, https:\/\/urdla.com\/blog\/wp-content\/uploads\/2024\/03\/urdla_emma_4-272x182.jpg 272w\" sizes=\"(max-width: 2560px) 100vw, 2560px\" \/><\/p>\n<p>&nbsp;<\/p>\n<p class=\"p1\" style=\"text-align: left;\"><strong>Robinson Haas<\/strong><\/p>\n<p>N\u00e9 en 1995 \u00e0 Lille, Robinson Haas vit et travaille \u00e0 Lyon. Dipl\u00f4m\u00e9 de l\u2019\u00c9cole nationale sup\u00e9rieure des arts d\u00e9coratifs de Paris, il a d\u2019ores et d\u00e9j\u00e0 b\u00e9n\u00e9fici\u00e9 d\u2019expositions \u00e0 Lyon, Paris et Gen\u00e8ve et de plusieurs r\u00e9sidences dont \u00ab Cr\u00e9ation en cours \u00bb avec les Ateliers M\u00e9dicis.<\/p>\n<p class=\"p1\" style=\"text-align: left;\">Robinson Haas d\u00e9veloppe une pratique du dessin autour de la ligne qu\u2019il r\u00e9p\u00e8te \u00e0 l\u2019infini, \u00e0 travers des protocole \u00e9mis en amont. \u00c0 priori simples et banals, ils g\u00e9n\u00e8rent des paysages emprunts de la fragilit\u00e9 de chaque geste. Il s\u2019int\u00e9resse ainsi aux questions de s\u00e9rialit\u00e9, de reproduction d\u2019un geste, \u00e0 la friction entre m\u00e9canique et sensible ainsi qu\u2019aux possibilit\u00e9s d\u2019expression plastique d\u2019une forme primaire.<\/p>\n<p class=\"p1\" style=\"text-align: left;\"><img loading=\"lazy\" class=\"size-full wp-image-20251 aligncenter\" src=\"https:\/\/urdla.com\/blog\/wp-content\/uploads\/2024\/03\/robinson-haas.141222-60x70cm-grphite-sur-papier-2022-2048x1365-1.jpg\" alt=\"\" width=\"2048\" height=\"1365\" srcset=\"https:\/\/urdla.com\/blog\/wp-content\/uploads\/2024\/03\/robinson-haas.141222-60x70cm-grphite-sur-papier-2022-2048x1365-1.jpg 2048w, https:\/\/urdla.com\/blog\/wp-content\/uploads\/2024\/03\/robinson-haas.141222-60x70cm-grphite-sur-papier-2022-2048x1365-1-300x200.jpg 300w, https:\/\/urdla.com\/blog\/wp-content\/uploads\/2024\/03\/robinson-haas.141222-60x70cm-grphite-sur-papier-2022-2048x1365-1-1024x683.jpg 1024w, https:\/\/urdla.com\/blog\/wp-content\/uploads\/2024\/03\/robinson-haas.141222-60x70cm-grphite-sur-papier-2022-2048x1365-1-768x512.jpg 768w, https:\/\/urdla.com\/blog\/wp-content\/uploads\/2024\/03\/robinson-haas.141222-60x70cm-grphite-sur-papier-2022-2048x1365-1-1536x1024.jpg 1536w, https:\/\/urdla.com\/blog\/wp-content\/uploads\/2024\/03\/robinson-haas.141222-60x70cm-grphite-sur-papier-2022-2048x1365-1-2000x1333.jpg 2000w, https:\/\/urdla.com\/blog\/wp-content\/uploads\/2024\/03\/robinson-haas.141222-60x70cm-grphite-sur-papier-2022-2048x1365-1-1568x1045.jpg 1568w, https:\/\/urdla.com\/blog\/wp-content\/uploads\/2024\/03\/robinson-haas.141222-60x70cm-grphite-sur-papier-2022-2048x1365-1-272x182.jpg 272w\" sizes=\"(max-width: 2048px) 100vw, 2048px\" \/><\/p>\n","protected":false},"excerpt":{"rendered":"<p>Comment l&rsquo;art et la psychanalyse se rencontrent-ils alors ?<\/p>\n","protected":false},"author":4,"featured_media":20232,"comment_status":"closed","ping_status":"closed","sticky":false,"template":"","format":"standard","meta":[],"categories":[6],"tags":[],"acf":[],"_links":{"self":[{"href":"https:\/\/urdla.com\/blog\/wp-json\/wp\/v2\/posts\/20228"}],"collection":[{"href":"https:\/\/urdla.com\/blog\/wp-json\/wp\/v2\/posts"}],"about":[{"href":"https:\/\/urdla.com\/blog\/wp-json\/wp\/v2\/types\/post"}],"author":[{"embeddable":true,"href":"https:\/\/urdla.com\/blog\/wp-json\/wp\/v2\/users\/4"}],"replies":[{"embeddable":true,"href":"https:\/\/urdla.com\/blog\/wp-json\/wp\/v2\/comments?post=20228"}],"version-history":[{"count":61,"href":"https:\/\/urdla.com\/blog\/wp-json\/wp\/v2\/posts\/20228\/revisions"}],"predecessor-version":[{"id":21239,"href":"https:\/\/urdla.com\/blog\/wp-json\/wp\/v2\/posts\/20228\/revisions\/21239"}],"wp:featuredmedia":[{"embeddable":true,"href":"https:\/\/urdla.com\/blog\/wp-json\/wp\/v2\/media\/20232"}],"wp:attachment":[{"href":"https:\/\/urdla.com\/blog\/wp-json\/wp\/v2\/media?parent=20228"}],"wp:term":[{"taxonomy":"category","embeddable":true,"href":"https:\/\/urdla.com\/blog\/wp-json\/wp\/v2\/categories?post=20228"},{"taxonomy":"post_tag","embeddable":true,"href":"https:\/\/urdla.com\/blog\/wp-json\/wp\/v2\/tags?post=20228"}],"curies":[{"name":"wp","href":"https:\/\/api.w.org\/{rel}","templated":true}]}}