{"id":18704,"date":"2023-12-20T16:37:46","date_gmt":"2023-12-20T15:37:46","guid":{"rendered":"https:\/\/urdla.com\/blog\/?p=18704"},"modified":"2025-10-02T14:38:10","modified_gmt":"2025-10-02T12:38:10","slug":"apres-vous-un-artiste-a-lecole","status":"publish","type":"post","link":"https:\/\/urdla.com\/blog\/apres-vous-un-artiste-a-lecole\/","title":{"rendered":"Apr\u00e8s vous, un artiste \u00e0 l&rsquo;\u00e9cole"},"content":{"rendered":"<p class=\"p1\">Du 6 octobre au 22d\u00e9cembre 2023, URDLA coordonne l\u2019Atelier itin\u00e9rant men\u00e9 par <a href=\"https:\/\/robinsonhaas.com\/\">Robinson Haas<\/a> \u00e0 l\u2019\u00e9cole \u00e9l\u00e9mentaire Ch\u00e2teau-Gaillard de Villeurbanne.<\/p>\n<p class=\"p3\">Imagin\u00e9 \u00e0 l\u2019occasion de <i>Villeurbanne 2022, capitale fran\u00e7aise de la culture<\/i>, l\u2019Atelier itin\u00e9rant est un module, con\u00e7u par <a href=\"https:\/\/www.kxkm.net\/\">Komplex Kapharna\u00fcm<\/a> et le <a href=\"https:\/\/www.tnp-villeurbanne.com\/\">TNP<\/a>, qui s\u2019implante, le temps d\u2019un trimestre, dans un des \u00e9tablissements scolaires de la ville. Partenaire de la session de cet automne, URDLA coordonne ainsi la r\u00e9sidence de l\u2019artiste Robinson Haas, \u00e0 l\u2019\u00e9cole \u00e9l\u00e9mentaire Ch\u00e2teau-Gaillard. Ayant r\u00e9pondu \u00e0 son invitation, Robinson Haas d\u00e9ploie le projet <i>Apr\u00e8s vous<\/i>, qui s\u2019adresse plus sp\u00e9cifiquement \u00e0 trois classes de cours moyen mais \u00e9galement, durant les temps de r\u00e9cr\u00e9ation, \u00e0 l\u2019ensemble des \u00e9l\u00e8ves.<\/p>\n<p><img loading=\"lazy\" class=\"wp-image-18892 aligncenter\" src=\"https:\/\/urdla.com\/blog\/wp-content\/uploads\/2023\/12\/cecile-cayon-urdla-chateau-gaillard-LF-villeurbanne-3.jpg\" alt=\"\" width=\"710\" height=\"1066\" srcset=\"https:\/\/urdla.com\/blog\/wp-content\/uploads\/2023\/12\/cecile-cayon-urdla-chateau-gaillard-LF-villeurbanne-3.jpg 1500w, https:\/\/urdla.com\/blog\/wp-content\/uploads\/2023\/12\/cecile-cayon-urdla-chateau-gaillard-LF-villeurbanne-3-200x300.jpg 200w, https:\/\/urdla.com\/blog\/wp-content\/uploads\/2023\/12\/cecile-cayon-urdla-chateau-gaillard-LF-villeurbanne-3-683x1024.jpg 683w, https:\/\/urdla.com\/blog\/wp-content\/uploads\/2023\/12\/cecile-cayon-urdla-chateau-gaillard-LF-villeurbanne-3-768x1152.jpg 768w, https:\/\/urdla.com\/blog\/wp-content\/uploads\/2023\/12\/cecile-cayon-urdla-chateau-gaillard-LF-villeurbanne-3-1024x1536.jpg 1024w, https:\/\/urdla.com\/blog\/wp-content\/uploads\/2023\/12\/cecile-cayon-urdla-chateau-gaillard-LF-villeurbanne-3-1365x2048.jpg 1365w, https:\/\/urdla.com\/blog\/wp-content\/uploads\/2023\/12\/cecile-cayon-urdla-chateau-gaillard-LF-villeurbanne-3-1333x2000.jpg 1333w\" sizes=\"(max-width: 710px) 100vw, 710px\" \/><\/p>\n<p class=\"p3\">\u00ab\u00a0Comment penser et cr\u00e9er une \u0153uvre ensemble ? Comment les corps, les gestes et les sensibilit\u00e9s s\u2019influencent-ils, se confrontent-ils, s\u2019enrichissent-ils dans un cadre de cr\u00e9ation ?\u00a0\u00bb Par des jeux de dessins souvent collectifs, et \u00e0 travers diff\u00e9rents protocoles, Robinson Haas invite les \u00e9l\u00e8ves de l\u2019\u00e9cole Ch\u00e2teau-Gaillard \u00e0 cr\u00e9er, par le prisme de l\u2019alt\u00e9rit\u00e9, une mani\u00e8re sensible d\u2019\u00eatre \u00e0 plusieurs, d\u2019\u00eatre attentif aux autres et \u00e0 soi-m\u00eame.<\/p>\n<p>&nbsp;<\/p>\n<p><img loading=\"lazy\" class=\"wp-image-18917 aligncenter\" src=\"https:\/\/urdla.com\/blog\/wp-content\/uploads\/2023\/12\/cecile-cayon-urdla-chateau-gaillard-villeurbanne-71.jpg\" alt=\"\" width=\"1071\" height=\"714\" srcset=\"https:\/\/urdla.com\/blog\/wp-content\/uploads\/2023\/12\/cecile-cayon-urdla-chateau-gaillard-villeurbanne-71.jpg 1500w, https:\/\/urdla.com\/blog\/wp-content\/uploads\/2023\/12\/cecile-cayon-urdla-chateau-gaillard-villeurbanne-71-300x200.jpg 300w, https:\/\/urdla.com\/blog\/wp-content\/uploads\/2023\/12\/cecile-cayon-urdla-chateau-gaillard-villeurbanne-71-1024x683.jpg 1024w, https:\/\/urdla.com\/blog\/wp-content\/uploads\/2023\/12\/cecile-cayon-urdla-chateau-gaillard-villeurbanne-71-768x512.jpg 768w, https:\/\/urdla.com\/blog\/wp-content\/uploads\/2023\/12\/cecile-cayon-urdla-chateau-gaillard-villeurbanne-71-272x182.jpg 272w\" sizes=\"(max-width: 1071px) 100vw, 1071px\" \/><\/p>\n<p class=\"p3\">Aux \u00e9l\u00e8ves, il propose la question de la r\u00e9p\u00e9tition comme outil de cr\u00e9ation. Si cette notion est un objet central de l\u2019\u00e9ducation, elle est \u00e9galement source d\u2019ambigu\u00eft\u00e9s. Cependant, \u00e0 l\u2019occasion de cet atelier itin\u00e9rant, elle est aussi et surtout une source in\u00e9puisable de cr\u00e9ation et de la d\u00e9couverte, ou plut\u00f4t prise de conscience, de ce qui fait la singularit\u00e9 d\u2019une forme et d\u2019une action, sa subtilit\u00e9, une invitation au questionnement sensible de ce qui d\u00e9finit l\u2019originalit\u00e9 et la distingue de la copie. Ainsi, cheminant, s\u2019exp\u00e9rimente plus largement en quoi sommes-nous semblables et diff\u00e9rents, singuliers et pluriels. Enfin, toujours plus pouss\u00e9s \u00e0 la rapidit\u00e9 et \u00e0 l\u2019imm\u00e9diatet\u00e9, l\u2019environnement du projet est un rempart \u00e0 ces injonctions auxquelles les enfants sont de plus en plus confront\u00e9s en privil\u00e9giant le temps long, l\u2019observation, l\u2019attention aux d\u00e9tails voire la m\u00e9ditation. Ainsi les temps d\u2019atelier sont des espaces propices \u00e0 la r\u00eaverie, \u00e0 la divagation et ce pour mieux appr\u00e9cier les notions d\u2019abstraction qui seront abord\u00e9es.<\/p>\n<p><img loading=\"lazy\" class=\"wp-image-18904 aligncenter\" src=\"https:\/\/urdla.com\/blog\/wp-content\/uploads\/2023\/12\/cecile-cayon-urdla-chateau-gaillard-villeurbanne-7.jpg\" alt=\"\" width=\"1070\" height=\"714\" srcset=\"https:\/\/urdla.com\/blog\/wp-content\/uploads\/2023\/12\/cecile-cayon-urdla-chateau-gaillard-villeurbanne-7.jpg 1500w, https:\/\/urdla.com\/blog\/wp-content\/uploads\/2023\/12\/cecile-cayon-urdla-chateau-gaillard-villeurbanne-7-300x200.jpg 300w, https:\/\/urdla.com\/blog\/wp-content\/uploads\/2023\/12\/cecile-cayon-urdla-chateau-gaillard-villeurbanne-7-1024x683.jpg 1024w, https:\/\/urdla.com\/blog\/wp-content\/uploads\/2023\/12\/cecile-cayon-urdla-chateau-gaillard-villeurbanne-7-768x512.jpg 768w, https:\/\/urdla.com\/blog\/wp-content\/uploads\/2023\/12\/cecile-cayon-urdla-chateau-gaillard-villeurbanne-7-272x182.jpg 272w\" sizes=\"(max-width: 1070px) 100vw, 1070px\" \/><\/p>\n<p>&nbsp;<\/p>\n<p class=\"p3\">Le projet se constitue d&rsquo;une suite de s\u00e9quences li\u00e9es les unes aux autres par les questionnements cit\u00e9s ci-dessus. Un objet curatorial est cr\u00e9\u00e9 \u00e0 la fin de chaque s\u00e9ance qui permet de constituer un parcours sc\u00e9nographi\u00e9 en vue de la restitution du 18 d\u00e9cembre, restitution qui donne lieu \u00e0 un mini-concert du Drawing orchestra \/ performance dessin\u00e9e en plus de la pr\u00e9sentation des autres \u0153uvres.<\/p>\n<p><img loading=\"lazy\" class=\"wp-image-18907 aligncenter\" src=\"https:\/\/urdla.com\/blog\/wp-content\/uploads\/2023\/12\/cecile-cayon-urdla-chateau-gaillard-villeurbanne-34.jpg\" alt=\"\" width=\"1070\" height=\"714\" srcset=\"https:\/\/urdla.com\/blog\/wp-content\/uploads\/2023\/12\/cecile-cayon-urdla-chateau-gaillard-villeurbanne-34.jpg 1500w, https:\/\/urdla.com\/blog\/wp-content\/uploads\/2023\/12\/cecile-cayon-urdla-chateau-gaillard-villeurbanne-34-300x200.jpg 300w, https:\/\/urdla.com\/blog\/wp-content\/uploads\/2023\/12\/cecile-cayon-urdla-chateau-gaillard-villeurbanne-34-1024x683.jpg 1024w, https:\/\/urdla.com\/blog\/wp-content\/uploads\/2023\/12\/cecile-cayon-urdla-chateau-gaillard-villeurbanne-34-768x512.jpg 768w, https:\/\/urdla.com\/blog\/wp-content\/uploads\/2023\/12\/cecile-cayon-urdla-chateau-gaillard-villeurbanne-34-272x182.jpg 272w\" sizes=\"(max-width: 1070px) 100vw, 1070px\" \/><\/p>\n<p class=\"p3\">N\u00e9 en 1995 \u00e0 Lille, Robinson Haas vit et travaille \u00e0 Lyon. Dipl\u00f4m\u00e9 de l\u2019\u00c9cole nationale sup\u00e9rieure des arts d\u00e9coratifs de Paris, il a d\u2019ores et d\u00e9j\u00e0 b\u00e9n\u00e9fici\u00e9 d\u2019expositions \u00e0 Lyon, Paris et Gen\u00e8ve et de plusieurs r\u00e9sidences dont \u00ab Cr\u00e9ation en cours \u00bb avec les Ateliers M\u00e9dicis. Robinson Haas d\u00e9veloppe une pratique du dessin autour de la ligne qu\u2019il r\u00e9p\u00e8te \u00e0 l\u2019infini, \u00e0 travers des protocole \u00e9mis en amont. \u00c0 priori simples et banals, ils g\u00e9n\u00e8rent des paysages emprunts de la fragilit\u00e9 de chaque geste. Il s\u2019int\u00e9resse ainsi aux questions de s\u00e9rialit\u00e9, de reproduction d\u2019un geste, \u00e0 la friction entre m\u00e9canique et sensible ainsi qu\u2019aux possibilit\u00e9s d\u2019expression plastique d\u2019une forme primaire.<\/p>\n<p><img loading=\"lazy\" class=\"wp-image-18774 alignleft\" src=\"https:\/\/urdla.com\/blog\/wp-content\/uploads\/2023\/12\/villeurbanne.png\" alt=\"\" width=\"152\" height=\"101\" srcset=\"https:\/\/urdla.com\/blog\/wp-content\/uploads\/2023\/12\/villeurbanne.png 600w, https:\/\/urdla.com\/blog\/wp-content\/uploads\/2023\/12\/villeurbanne-300x200.png 300w, https:\/\/urdla.com\/blog\/wp-content\/uploads\/2023\/12\/villeurbanne-272x182.png 272w\" sizes=\"(max-width: 152px) 100vw, 152px\" \/><img loading=\"lazy\" class=\"wp-image-18772 alignleft\" src=\"https:\/\/urdla.com\/blog\/wp-content\/uploads\/2023\/12\/Academie_de_Lyon.svg_.png\" alt=\"\" width=\"95\" height=\"96\" srcset=\"https:\/\/urdla.com\/blog\/wp-content\/uploads\/2023\/12\/Academie_de_Lyon.svg_.png 800w, https:\/\/urdla.com\/blog\/wp-content\/uploads\/2023\/12\/Academie_de_Lyon.svg_-298x300.png 298w, https:\/\/urdla.com\/blog\/wp-content\/uploads\/2023\/12\/Academie_de_Lyon.svg_-150x150.png 150w, https:\/\/urdla.com\/blog\/wp-content\/uploads\/2023\/12\/Academie_de_Lyon.svg_-768x773.png 768w, https:\/\/urdla.com\/blog\/wp-content\/uploads\/2023\/12\/Academie_de_Lyon.svg_-500x500.png 500w\" sizes=\"(max-width: 95px) 100vw, 95px\" \/> <img loading=\"lazy\" class=\"wp-image-18773 alignleft\" src=\"https:\/\/urdla.com\/blog\/wp-content\/uploads\/2023\/12\/logo-komplex-kapharnaum.gif\" alt=\"\" width=\"274\" height=\"69\" \/><\/p>\n","protected":false},"excerpt":{"rendered":"<p>Du 6 octobre au 22 d\u00e9cembre 2023, URDLA coordonne l\u2019Atelier itin\u00e9rant men\u00e9 par Robinson Haas \u00e0 l\u2019\u00e9cole \u00e9l\u00e9mentaire Ch\u00e2teau-Gaillard de Villeurbanne.<\/p>\n","protected":false},"author":4,"featured_media":18707,"comment_status":"closed","ping_status":"closed","sticky":false,"template":"","format":"standard","meta":[],"categories":[12,58],"tags":[],"acf":[],"_links":{"self":[{"href":"https:\/\/urdla.com\/blog\/wp-json\/wp\/v2\/posts\/18704"}],"collection":[{"href":"https:\/\/urdla.com\/blog\/wp-json\/wp\/v2\/posts"}],"about":[{"href":"https:\/\/urdla.com\/blog\/wp-json\/wp\/v2\/types\/post"}],"author":[{"embeddable":true,"href":"https:\/\/urdla.com\/blog\/wp-json\/wp\/v2\/users\/4"}],"replies":[{"embeddable":true,"href":"https:\/\/urdla.com\/blog\/wp-json\/wp\/v2\/comments?post=18704"}],"version-history":[{"count":26,"href":"https:\/\/urdla.com\/blog\/wp-json\/wp\/v2\/posts\/18704\/revisions"}],"predecessor-version":[{"id":19120,"href":"https:\/\/urdla.com\/blog\/wp-json\/wp\/v2\/posts\/18704\/revisions\/19120"}],"wp:featuredmedia":[{"embeddable":true,"href":"https:\/\/urdla.com\/blog\/wp-json\/wp\/v2\/media\/18707"}],"wp:attachment":[{"href":"https:\/\/urdla.com\/blog\/wp-json\/wp\/v2\/media?parent=18704"}],"wp:term":[{"taxonomy":"category","embeddable":true,"href":"https:\/\/urdla.com\/blog\/wp-json\/wp\/v2\/categories?post=18704"},{"taxonomy":"post_tag","embeddable":true,"href":"https:\/\/urdla.com\/blog\/wp-json\/wp\/v2\/tags?post=18704"}],"curies":[{"name":"wp","href":"https:\/\/api.w.org\/{rel}","templated":true}]}}