{"id":18319,"date":"2023-11-28T18:01:57","date_gmt":"2023-11-28T17:01:57","guid":{"rendered":"https:\/\/urdla.com\/blog\/?p=18319"},"modified":"2023-11-29T14:50:47","modified_gmt":"2023-11-29T13:50:47","slug":"ateliers-jeunes-publics-hiver-2024","status":"publish","type":"post","link":"https:\/\/urdla.com\/blog\/ateliers-jeunes-publics-hiver-2024\/","title":{"rendered":"Ateliers jeunes publics, vacances de No\u00ebl"},"content":{"rendered":"<h2>Pointe s\u00e8che sur rh\u00e9nalon<\/h2>\n<h3>Jeudi 4 janvier 2024, de 10 heures \u00e0 12 heures 30<\/h3>\n<p>\u00c0 l\u2019occasion des vacances de No\u00ebl, URDLA propose une session de pratique artistique aux enfants et jeunes \u00e2g\u00e9s de 5 \u00e0 15 ans.<\/p>\n<h3>AU PROGRAMME<\/h3>\n<h3>5-9 et 10-15 ans : pointe s\u00e8che sur rh\u00e9nalon<\/h3>\n<p>\u00c0 partir de la visite des ateliers et de <a href=\"https:\/\/urdla.com\/blog\/02-2021\/\">Para=\u00e8le<\/a>, les enfants pratiqueront la pointe s\u00e8che sur rh\u00e9nalon en gravant et d\u00e9coupant leur matrice. Chacun et chacune sera ensuite invit\u00e9(e) \u00e0 piocher dans toutes les matrices \u00e9labor\u00e9es, pour les encrer, les essuyer, les disposer et les imprimer, afin de cr\u00e9er sa propre composition.<\/p>\n<p><span class=\"s1\">La <a href=\"https:\/\/urdla.com\/blog\/pointe-seche-definition\/\">pointe s\u00e8che<\/a> est un des outils utilis\u00e9s en <a href=\"https:\/\/urdla.com\/blog\/taille-douce-definition\/#:~:text=\u00ab%20Taille%2Ddouce%20\u00bb%20d\u00e9signe%20l,doute%2C%20elle%20tire%20son%20nom.\">taille-douce, ou gravure en creux,<\/a> pour creuser son dessin dans une matrice de cuivre ou de plexiglas. La <b>pointe s\u00e8che sur rh\u00e9nalon<\/b> permettra aux jeunes de graver leur dessin par transparence, en le pla\u00e7ant sous la plaque. Puis ils encreront, essuieront, pour ne garder que les creux encr\u00e9s, et imprimeront.<\/span><\/p>\n","protected":false},"excerpt":{"rendered":"<p>\u00c0 l\u2019occasion des vacances de No\u00ebl, URDLA propose une session de pratique artistique aux enfants et jeunes \u00e2g\u00e9s de 5 \u00e0 15 ans.<\/p>\n","protected":false},"author":4,"featured_media":6521,"comment_status":"closed","ping_status":"closed","sticky":false,"template":"","format":"standard","meta":[],"categories":[6,14],"tags":[],"acf":[],"_links":{"self":[{"href":"https:\/\/urdla.com\/blog\/wp-json\/wp\/v2\/posts\/18319"}],"collection":[{"href":"https:\/\/urdla.com\/blog\/wp-json\/wp\/v2\/posts"}],"about":[{"href":"https:\/\/urdla.com\/blog\/wp-json\/wp\/v2\/types\/post"}],"author":[{"embeddable":true,"href":"https:\/\/urdla.com\/blog\/wp-json\/wp\/v2\/users\/4"}],"replies":[{"embeddable":true,"href":"https:\/\/urdla.com\/blog\/wp-json\/wp\/v2\/comments?post=18319"}],"version-history":[{"count":15,"href":"https:\/\/urdla.com\/blog\/wp-json\/wp\/v2\/posts\/18319\/revisions"}],"predecessor-version":[{"id":18445,"href":"https:\/\/urdla.com\/blog\/wp-json\/wp\/v2\/posts\/18319\/revisions\/18445"}],"wp:featuredmedia":[{"embeddable":true,"href":"https:\/\/urdla.com\/blog\/wp-json\/wp\/v2\/media\/6521"}],"wp:attachment":[{"href":"https:\/\/urdla.com\/blog\/wp-json\/wp\/v2\/media?parent=18319"}],"wp:term":[{"taxonomy":"category","embeddable":true,"href":"https:\/\/urdla.com\/blog\/wp-json\/wp\/v2\/categories?post=18319"},{"taxonomy":"post_tag","embeddable":true,"href":"https:\/\/urdla.com\/blog\/wp-json\/wp\/v2\/tags?post=18319"}],"curies":[{"name":"wp","href":"https:\/\/api.w.org\/{rel}","templated":true}]}}