{"id":169472,"date":"2026-03-13T11:19:25","date_gmt":"2026-03-13T10:19:25","guid":{"rendered":"https:\/\/urdla.com\/blog\/?p=169472"},"modified":"2026-03-13T16:23:36","modified_gmt":"2026-03-13T15:23:36","slug":"leo-marin-direction","status":"publish","type":"post","link":"https:\/\/urdla.com\/blog\/leo-marin-direction\/","title":{"rendered":"L\u00e9o Marin, nouveau directeur d&rsquo;URDLA"},"content":{"rendered":"<div>\n<p>Christine Vaisse, Pr\u00e9sidente<br \/>\net le Conseil d\u2019administration<\/p>\n<p>sont heureux de vous annoncer que<\/p>\n<p>L\u00e9o Marin a \u00e9t\u00e9 nomm\u00e9 directeur d\u2019URDLA.<\/p>\n<p>Pendant plus de dix ans, il a assur\u00e9 la direction artistique et curatoriale de la Galerie \u00c9ric Mouchet (Paris &amp; Bruxelles), en 2025 il a \u00e9t\u00e9 choisi pour \u00eatre le commissaire g\u00e9n\u00e9ral de la Triennale de Beaufort27 (Belgique). Il est aussi actuellement, vice-pr\u00e9sident de l\u2019A.I.C.A. France et membre du conseil d\u2019administration de C-E-A.<\/p>\n<p>Il prendra ses fonction \u00e0 URDLA le 17 mars 2026, Christine Vaisse, le conseil d\u2019administration et l\u2019\u00e9quipe d\u2019URDLA lui souhaitent la bienvenue.<\/p>\n<p>L&rsquo;Assembl\u00e9e g\u00e9n\u00e9rale du 28 mars suivie du finissage de <a href=\"https:\/\/urdla.com\/blog\/alan-romeira-estampes-region-auvergne-rhone-alpes\/\">l&rsquo;exposition d&rsquo;Alan Romiera<\/a>, laur\u00e9at du prix Estampes en Auvergne Rh\u00f4ne Alpes, seront l&rsquo;occasion de le rencontrer.<\/p>\n<\/div>\n<p><img loading=\"lazy\" class=\"wp-image-169473 aligncenter\" src=\"https:\/\/urdla.com\/blog\/wp-content\/uploads\/2026\/03\/Le\u0301o-Paris-C-Hafid-Lhachmi-ADAGP-Paris-2025-scaled.jpg\" alt=\"\" width=\"694\" height=\"924\" srcset=\"https:\/\/urdla.com\/blog\/wp-content\/uploads\/2026\/03\/Le\u0301o-Paris-C-Hafid-Lhachmi-ADAGP-Paris-2025-scaled.jpg 1922w, https:\/\/urdla.com\/blog\/wp-content\/uploads\/2026\/03\/Le\u0301o-Paris-C-Hafid-Lhachmi-ADAGP-Paris-2025-225x300.jpg 225w, https:\/\/urdla.com\/blog\/wp-content\/uploads\/2026\/03\/Le\u0301o-Paris-C-Hafid-Lhachmi-ADAGP-Paris-2025-769x1024.jpg 769w, https:\/\/urdla.com\/blog\/wp-content\/uploads\/2026\/03\/Le\u0301o-Paris-C-Hafid-Lhachmi-ADAGP-Paris-2025-768x1023.jpg 768w, https:\/\/urdla.com\/blog\/wp-content\/uploads\/2026\/03\/Le\u0301o-Paris-C-Hafid-Lhachmi-ADAGP-Paris-2025-1153x1536.jpg 1153w, https:\/\/urdla.com\/blog\/wp-content\/uploads\/2026\/03\/Le\u0301o-Paris-C-Hafid-Lhachmi-ADAGP-Paris-2025-1538x2048.jpg 1538w, https:\/\/urdla.com\/blog\/wp-content\/uploads\/2026\/03\/Le\u0301o-Paris-C-Hafid-Lhachmi-ADAGP-Paris-2025-1502x2000.jpg 1502w, https:\/\/urdla.com\/blog\/wp-content\/uploads\/2026\/03\/Le\u0301o-Paris-C-Hafid-Lhachmi-ADAGP-Paris-2025-1568x2088.jpg 1568w\" sizes=\"(max-width: 694px) 100vw, 694px\" \/><\/p>\n","protected":false},"excerpt":{"rendered":"<p>L\u00e9o Marin nomm\u00e9 directeur d\u2019URDLA.<\/p>\n","protected":false},"author":4,"featured_media":169477,"comment_status":"closed","ping_status":"closed","sticky":false,"template":"","format":"standard","meta":[],"categories":[6,13],"tags":[],"acf":[],"_links":{"self":[{"href":"https:\/\/urdla.com\/blog\/wp-json\/wp\/v2\/posts\/169472"}],"collection":[{"href":"https:\/\/urdla.com\/blog\/wp-json\/wp\/v2\/posts"}],"about":[{"href":"https:\/\/urdla.com\/blog\/wp-json\/wp\/v2\/types\/post"}],"author":[{"embeddable":true,"href":"https:\/\/urdla.com\/blog\/wp-json\/wp\/v2\/users\/4"}],"replies":[{"embeddable":true,"href":"https:\/\/urdla.com\/blog\/wp-json\/wp\/v2\/comments?post=169472"}],"version-history":[{"count":20,"href":"https:\/\/urdla.com\/blog\/wp-json\/wp\/v2\/posts\/169472\/revisions"}],"predecessor-version":[{"id":169503,"href":"https:\/\/urdla.com\/blog\/wp-json\/wp\/v2\/posts\/169472\/revisions\/169503"}],"wp:featuredmedia":[{"embeddable":true,"href":"https:\/\/urdla.com\/blog\/wp-json\/wp\/v2\/media\/169477"}],"wp:attachment":[{"href":"https:\/\/urdla.com\/blog\/wp-json\/wp\/v2\/media?parent=169472"}],"wp:term":[{"taxonomy":"category","embeddable":true,"href":"https:\/\/urdla.com\/blog\/wp-json\/wp\/v2\/categories?post=169472"},{"taxonomy":"post_tag","embeddable":true,"href":"https:\/\/urdla.com\/blog\/wp-json\/wp\/v2\/tags?post=169472"}],"curies":[{"name":"wp","href":"https:\/\/api.w.org\/{rel}","templated":true}]}}