{"id":168786,"date":"2025-12-10T16:48:37","date_gmt":"2025-12-10T15:48:37","guid":{"rendered":"https:\/\/urdla.com\/blog\/?p=168786"},"modified":"2026-01-08T14:02:25","modified_gmt":"2026-01-08T13:02:25","slug":"limage-est-une-pure-creation-de-lesprit","status":"publish","type":"post","link":"https:\/\/urdla.com\/blog\/limage-est-une-pure-creation-de-lesprit\/","title":{"rendered":"L&rsquo;image est une pure cr\u00e9ation de l&rsquo;esprit"},"content":{"rendered":"<h2 class=\"p1\"><em>L&rsquo;image est une pure cr\u00e9ation de l&rsquo;esprit<\/em><br \/>\npar les \u00e9tudiants de la classe pr\u00e9paratoire, Lyc\u00e9e Lumi\u00e8re de Lyon<br \/>\nsous la direction artistique de J\u00e9r\u00e9my Liron<br \/>\net la coordination de Claire Freyssenet<\/h2>\n<h3>vernissage le vendredi 9 janvier, de 17 heures 30 \u00e0 19 heures<\/h3>\n<p><strong>Du 9 au 16 janvier 2026, URDLA pr\u00e9sente <em>L&rsquo;image est une pure cr\u00e9ation de l&rsquo;esprit, <\/em>exposition des \u00e9tudiants de la classe pr\u00e9paratoire du Lyc\u00e9e Lumi\u00e8re sous la direction artistique de\u00a0J\u00e9r\u00e9my Liron.\u00a0<\/strong><\/p>\n<p>Fonde\u0301e sur la volonte\u0301 \u2014 et sans doute aussi la ne\u0301cessite\u0301 \u2014 de faire perdurer les techniques de l\u2019<a href=\"https:\/\/urdla.com\/blog\/definition-estampe\/\" target=\"_blank\" rel=\"noopener noreferrer\">estampe<\/a>, URDLA est a\u0300 la fois lieu de cre\u0301ation, de diffusion et de formation. Forte de ce de\u0301sir de transmission des savoirs-faire, au service de la cre\u0301ation contemporaine, l\u2019association travaille avec des e\u0301coles d\u2019art et de\u0301veloppe des masterclasses.<\/p>\n<p>Gra\u0302ce a\u0300 son partenariat avec le Lyce\u0301e Lumie\u0300re de Lyon, la Re\u0301gion Auvergne-Rho\u0302ne-Alpes, le Rectorat de Lyon, la Re\u0301gion acade\u0301mique Auvergne-Rho\u0302ne-Alpes et l\u2019Acade\u0301mie de Lyon, URDLA a accueilli pour la neuvi\u00e8me\u00a0anne\u0301e conse\u0301cutive,\u00a0<a href=\"http:\/\/cpes-caap.lumiere.ac-lyon.fr\/\" target=\"_blank\" rel=\"noopener noreferrer\">la CPES-CAAP,<\/a>\u00a0classe pre\u0301paratoire, ouverte a\u0300 la rentre\u0301e 2017.<\/p>\n<p>Se pre\u0301parant aux concours d\u2019entre\u0301e des e\u0301coles supe\u0301rieures d\u2019art, les 26 e\u0301tudiantes et e\u0301tudiants se sont essaye\u0301 durant trois jours aux techniques de l\u2019estampe \u2013 taille d\u2019e\u0301pargne et taille-douce, sous la direction artistique de\u00a0<a href=\"https:\/\/www.lironjeremy.com\/\" target=\"_blank\" rel=\"noopener noreferrer\">Je\u0301re\u0301my Liron<\/a>. Les e\u0301tudiant(e)s, immerge\u0301s dans les ateliers professionnels URDLA du 10 au 12 de\u0301cembre 2025, ont re\u0301alise\u0301 les matrices et effectue\u0301 les tirages a\u0300 partir de l\u2019invitation de l\u2019artiste qui a, cette anne\u0301e, pour point d\u2019ancrage les mots de Pierre Reverdy : \u00ab L&rsquo;image est une pure cr\u00e9ation de l&rsquo;esprit. Elle ne peut na\u00eetre d&rsquo;une comparaison mais du rapprochement de deux r\u00e9alit\u00e9s plus ou moins \u00e9loign\u00e9es. Plus les rapports des deux r\u00e9alit\u00e9s rapproch\u00e9es seront lointains et justes, plus l&rsquo;image sera forte &#8211; plus elle aura de puissance \u00e9motive et de r\u00e9alit\u00e9 po\u00e9tique. \u00bb<\/p>\n<p>A\u0300 l\u2019issue de cette pe\u0301riode, une se\u0301lection des productions des e\u0301tudiantes et e\u0301tudiants est effectue\u0301e en dialogue avec Claire Freyssenet, agre\u0301ge\u0301e d\u2019arts plastiques et coordinatrice de la CPES-CAAP depuis son ouverture, Cyrille Noirjean et Je\u0301re\u0301my Liron qui dirigent l\u2019accrochage donnant lieu a\u0300 une exposition.<\/p>\n<p>URDLA invite \u00e0 d\u00e9couvrir<em><strong>\u00a0<\/strong>L&rsquo;image est une pure cr\u00e9ation de l&rsquo;esprit <\/em>par les \u00e9tudiants de la classe pr\u00e9paratoire du Lyc\u00e9e Lumi\u00e8re du 9 au 17 janvier 2026 avec un vernissage vendredi 9 janvier de 17 heures 30 \u00e0 19 heures.<\/p>\n<p>&nbsp;<\/p>\n<p>&nbsp;<\/p>\n","protected":false},"excerpt":{"rendered":"<p>L&rsquo;image est une pure cr\u00e9ation de l&rsquo;esprit par les \u00e9tudiants de la classe pr\u00e9paratoire du Lyc\u00e9e Lumi\u00e8re.<\/p>\n","protected":false},"author":4,"featured_media":168932,"comment_status":"closed","ping_status":"closed","sticky":false,"template":"","format":"standard","meta":[],"categories":[7],"tags":[],"acf":[],"_links":{"self":[{"href":"https:\/\/urdla.com\/blog\/wp-json\/wp\/v2\/posts\/168786"}],"collection":[{"href":"https:\/\/urdla.com\/blog\/wp-json\/wp\/v2\/posts"}],"about":[{"href":"https:\/\/urdla.com\/blog\/wp-json\/wp\/v2\/types\/post"}],"author":[{"embeddable":true,"href":"https:\/\/urdla.com\/blog\/wp-json\/wp\/v2\/users\/4"}],"replies":[{"embeddable":true,"href":"https:\/\/urdla.com\/blog\/wp-json\/wp\/v2\/comments?post=168786"}],"version-history":[{"count":15,"href":"https:\/\/urdla.com\/blog\/wp-json\/wp\/v2\/posts\/168786\/revisions"}],"predecessor-version":[{"id":168923,"href":"https:\/\/urdla.com\/blog\/wp-json\/wp\/v2\/posts\/168786\/revisions\/168923"}],"wp:featuredmedia":[{"embeddable":true,"href":"https:\/\/urdla.com\/blog\/wp-json\/wp\/v2\/media\/168932"}],"wp:attachment":[{"href":"https:\/\/urdla.com\/blog\/wp-json\/wp\/v2\/media?parent=168786"}],"wp:term":[{"taxonomy":"category","embeddable":true,"href":"https:\/\/urdla.com\/blog\/wp-json\/wp\/v2\/categories?post=168786"},{"taxonomy":"post_tag","embeddable":true,"href":"https:\/\/urdla.com\/blog\/wp-json\/wp\/v2\/tags?post=168786"}],"curies":[{"name":"wp","href":"https:\/\/api.w.org\/{rel}","templated":true}]}}