{"id":158,"date":"2019-07-14T12:25:35","date_gmt":"2019-07-14T10:25:35","guid":{"rendered":"https:\/\/urdla.com\/blog\/?p=158"},"modified":"2020-03-28T09:22:52","modified_gmt":"2020-03-28T08:22:52","slug":"raul-d-mark-geffriaud","status":"publish","type":"post","link":"https:\/\/urdla.com\/blog\/raul-d-mark-geffriaud\/","title":{"rendered":"Ra\u00fal D. de Mark Geffriaud"},"content":{"rendered":"<p>Pour son exposition intitul\u00e9e Ra\u00fal D., <a href=\"https:\/\/urdla.com\/artiste\/589-geffriaud\">Mark Geffriaud<\/a> a souhait\u00e9 r\u00e9am\u00e9nager les lieux en d\u00e9localisant une partie des machines et des outils dans l\u2019espace d\u2019exposition afin de permettre, en retour, \u00e0 l\u2019exposition de s\u2019introduire dans l\u2019atelier. Cette nouvelle forme de cohabitation vise \u00e0 d\u00e9placer les usages, en modifiant les habitudes de circulation, de production et de regard.<\/p>\n<p>Les visiteurs sont invit\u00e9s \u00e0 circuler librement dans ce nouvel environnement qui joue volontairement de la porosit\u00e9 entre les formes et les statuts des objets qui s\u2019y trouvent. Vraies fausses sculptures, assemblages involontaires et outils bricol\u00e9s se c\u00f4toient et s\u2019apprivoisent. Les impressions produites pour l\u2019exposition voisinent les tests oubli\u00e9s aux murs il y a plusieurs ann\u00e9es, ou bien s\u2019effacent en arri\u00e8re plan d\u2019un amoncellement h\u00e9t\u00e9roclite, \u00e0 la mani\u00e8re de fonds photographiques, soulignant certains points de vue, certains cadrages que l\u2019\u0153il construit et d\u00e9construit au gr\u00e9 de ses d\u00e9placements. Suivant l\u2019activit\u00e9 de l\u2019atelier, l\u2019exposition est amen\u00e9e \u00e0 \u00e9voluer de mani\u00e8re impr\u00e9visible, participant pour un temps \u00e0 la multiplicit\u00e9 des histoires qui s\u2019y enchev\u00eatrent, s\u2019entrechoquent et s\u2019\u00e9clairent.<\/p>\n<p>&nbsp;<\/p>\n<figure id=\"attachment_586\" aria-describedby=\"caption-attachment-586\" style=\"width: 1024px\" class=\"wp-caption alignleft\"><img loading=\"lazy\" class=\"wp-image-586 size-large\" src=\"https:\/\/urdla.com\/blog\/wp-content\/uploads\/2019\/07\/GEFFRIAUD_CP5-1024x697.jpg\" alt=\"\" width=\"1024\" height=\"697\" srcset=\"https:\/\/urdla.com\/blog\/wp-content\/uploads\/2019\/07\/GEFFRIAUD_CP5-1024x697.jpg 1024w, https:\/\/urdla.com\/blog\/wp-content\/uploads\/2019\/07\/GEFFRIAUD_CP5-300x204.jpg 300w, https:\/\/urdla.com\/blog\/wp-content\/uploads\/2019\/07\/GEFFRIAUD_CP5-768x522.jpg 768w, https:\/\/urdla.com\/blog\/wp-content\/uploads\/2019\/07\/GEFFRIAUD_CP5-2000x1361.jpg 2000w, https:\/\/urdla.com\/blog\/wp-content\/uploads\/2019\/07\/GEFFRIAUD_CP5-1568x1067.jpg 1568w\" sizes=\"(max-width: 1024px) 100vw, 1024px\" \/><figcaption id=\"caption-attachment-586\" class=\"wp-caption-text\">Mark Geffriaud\u00a9<\/figcaption><\/figure>\n<hr \/>\n<p>Une performance pens\u00e9e comme un plan s\u00e9quence encha\u00eenant une succession de mouvements de cam\u00e9ra propose r\u00e9guli\u00e8rement une visite des lieux \u00e0 la nuit tomb\u00e9e et un nouvel usage des outils en dehors des horaires de travail et d\u2019exposition. La presse Voirin, fabriqu\u00e9e l\u2019ann\u00e9e de La Sortie d\u2019usine des Fr\u00e8res Lumi\u00e8re, qui occupe aujourd\u2019hui le centre des ateliers, y joue le r\u00f4le principal. Sa trajectoire, d\u2019une enfance pass\u00e9e \u00e0 imprimer des fiches de payes et des bons de commande jusqu\u2019\u00e0 sa fin de carri\u00e8re au service d\u2019un regroupement d\u2019artistes passionn\u00e9s et m\u00e9ticuleux \u00e9voque \u00e0 elle seule toute l\u2019histoire populaire de l\u2019imprim\u00e9. C\u2019est cette origine qui a plac\u00e9 d\u2019embl\u00e9e ces techniques et ces artisans sous le regard inquisiteur d\u2019un pouvoir qui craint que lui \u00e9chappe ce qui s\u2019imprime. C\u2019est cette histoire que l\u2019exposition Ra\u00fal D. aimerait approcher et dans laquelle elle esp\u00e8re se fondre.<\/p>\n<p>&nbsp;<\/p>\n<figure id=\"attachment_582\" aria-describedby=\"caption-attachment-582\" style=\"width: 1024px\" class=\"wp-caption alignleft\"><img loading=\"lazy\" class=\"wp-image-582 size-large\" src=\"https:\/\/urdla.com\/blog\/wp-content\/uploads\/2019\/07\/Geffriaud_CP14-1024x684.jpg\" alt=\"\" width=\"1024\" height=\"684\" srcset=\"https:\/\/urdla.com\/blog\/wp-content\/uploads\/2019\/07\/Geffriaud_CP14-1024x684.jpg 1024w, https:\/\/urdla.com\/blog\/wp-content\/uploads\/2019\/07\/Geffriaud_CP14-300x200.jpg 300w, https:\/\/urdla.com\/blog\/wp-content\/uploads\/2019\/07\/Geffriaud_CP14-768x513.jpg 768w, https:\/\/urdla.com\/blog\/wp-content\/uploads\/2019\/07\/Geffriaud_CP14-2000x1335.jpg 2000w, https:\/\/urdla.com\/blog\/wp-content\/uploads\/2019\/07\/Geffriaud_CP14-1568x1047.jpg 1568w, https:\/\/urdla.com\/blog\/wp-content\/uploads\/2019\/07\/Geffriaud_CP14-272x182.jpg 272w\" sizes=\"(max-width: 1024px) 100vw, 1024px\" \/><figcaption id=\"caption-attachment-582\" class=\"wp-caption-text\">Mark Geffriaud\u00a9<\/figcaption><\/figure>\n<hr \/>\n<p>Par le biais d\u2019installations, de sculptures, de films et de performances, Mark Geffriaud joue avec les repr\u00e9sentations multiples du temps et la construction de la m\u00e9moire. La circulation et l\u2019oubli des images et des formes jettent les bases d\u2019une arch\u00e9ologie fragmentaire dans laquelle le malentendu joue une place importante : libres associations, voisinages formels et fausses fictions mettent en partage la perception du monde. D\u00e8s lors, un manque est sugg\u00e9r\u00e9 ; un univers se dessine en creux que le visiteur est invit\u00e9 \u00e0 combler de ses propres projections. Mark Geffriaud proc\u00e8de tr\u00e8s souvent par s\u00e9ries : les \u0153uvres se d\u00e9ploient dans le temps et l\u2019espace, se rejouent et se prolongent.<\/p>\n<p>&nbsp;<\/p>\n<figure id=\"attachment_581\" aria-describedby=\"caption-attachment-581\" style=\"width: 1024px\" class=\"wp-caption alignleft\"><img loading=\"lazy\" class=\"wp-image-581 size-large\" src=\"https:\/\/urdla.com\/blog\/wp-content\/uploads\/2019\/07\/Geffriaud_CP6-1024x684.jpg\" alt=\"\" width=\"1024\" height=\"684\" srcset=\"https:\/\/urdla.com\/blog\/wp-content\/uploads\/2019\/07\/Geffriaud_CP6-1024x684.jpg 1024w, https:\/\/urdla.com\/blog\/wp-content\/uploads\/2019\/07\/Geffriaud_CP6-300x200.jpg 300w, https:\/\/urdla.com\/blog\/wp-content\/uploads\/2019\/07\/Geffriaud_CP6-768x513.jpg 768w, https:\/\/urdla.com\/blog\/wp-content\/uploads\/2019\/07\/Geffriaud_CP6-2000x1336.jpg 2000w, https:\/\/urdla.com\/blog\/wp-content\/uploads\/2019\/07\/Geffriaud_CP6-1568x1047.jpg 1568w, https:\/\/urdla.com\/blog\/wp-content\/uploads\/2019\/07\/Geffriaud_CP6-272x182.jpg 272w\" sizes=\"(max-width: 1024px) 100vw, 1024px\" \/><figcaption id=\"caption-attachment-581\" class=\"wp-caption-text\">Mark Geffriaud\u00a9<\/figcaption><\/figure>\n<hr \/>\n<p>L\u2019invitation est faite \u00e0 une qualit\u00e9 de l\u2019attention du visiteur qui doit lui-m\u00eame authentifier la dimension esth\u00e9tique de l\u2019\u0153uvre, les interstices faisant place aux projections de chacun. Il y a du jeu dans ses interventions et celui-ci offre la possibilit\u00e9 de s\u2019y mouvoir.<br \/>\nMark Geffriaud invite le visiteur \u00e0 des promenades, engageant le corps comme l\u2019esprit, dans les espaces-temps et dans les pages de livres qui seraient \u00e0 recomposer, \u00e0 inventer ou \u00e0 poursuivre, \u00e0 partir de ses r\u00e9cits, fils conducteurs, parfois dans l\u2019apr\u00e8s coup, de la plupart de ses interventions, expositions et performances.<\/p>\n<p><a href=\"https:\/\/urdla.com\/blog\/chez-raul-d-par-cyrille-noirjean\/\" rel=\"noopener noreferrer\">Lire <em>Chez Ra\u00fal D.<\/em>, par Cyrille Noirjean<\/a><\/p>\n<p><a href=\"http:\/\/pointcontemporain.com\/\">http:\/\/pointcontemporain.com\/<\/a><\/p>\n","protected":false},"excerpt":{"rendered":"<p>14. IX. 19 > 30. XI. 19<br \/>\nVernissage le samedi 14 septembre,<br \/>\nde 14 heures 30 \u00e0 18 heures 30<\/p>\n","protected":false},"author":1,"featured_media":280,"comment_status":"closed","ping_status":"closed","sticky":false,"template":"","format":"standard","meta":[],"categories":[7],"tags":[],"acf":[],"_links":{"self":[{"href":"https:\/\/urdla.com\/blog\/wp-json\/wp\/v2\/posts\/158"}],"collection":[{"href":"https:\/\/urdla.com\/blog\/wp-json\/wp\/v2\/posts"}],"about":[{"href":"https:\/\/urdla.com\/blog\/wp-json\/wp\/v2\/types\/post"}],"author":[{"embeddable":true,"href":"https:\/\/urdla.com\/blog\/wp-json\/wp\/v2\/users\/1"}],"replies":[{"embeddable":true,"href":"https:\/\/urdla.com\/blog\/wp-json\/wp\/v2\/comments?post=158"}],"version-history":[{"count":75,"href":"https:\/\/urdla.com\/blog\/wp-json\/wp\/v2\/posts\/158\/revisions"}],"predecessor-version":[{"id":580,"href":"https:\/\/urdla.com\/blog\/wp-json\/wp\/v2\/posts\/158\/revisions\/580"}],"wp:featuredmedia":[{"embeddable":true,"href":"https:\/\/urdla.com\/blog\/wp-json\/wp\/v2\/media\/280"}],"wp:attachment":[{"href":"https:\/\/urdla.com\/blog\/wp-json\/wp\/v2\/media?parent=158"}],"wp:term":[{"taxonomy":"category","embeddable":true,"href":"https:\/\/urdla.com\/blog\/wp-json\/wp\/v2\/categories?post=158"},{"taxonomy":"post_tag","embeddable":true,"href":"https:\/\/urdla.com\/blog\/wp-json\/wp\/v2\/tags?post=158"}],"curies":[{"name":"wp","href":"https:\/\/api.w.org\/{rel}","templated":true}]}}