{"id":1304,"date":"2020-05-06T11:07:23","date_gmt":"2020-05-06T09:07:23","guid":{"rendered":"https:\/\/urdla.com\/blog\/?p=1304"},"modified":"2022-08-31T16:18:40","modified_gmt":"2022-08-31T14:18:40","slug":"une-voie-limpide","status":"publish","type":"post","link":"https:\/\/urdla.com\/blog\/une-voie-limpide\/","title":{"rendered":"Une voie limpide,<br \/>J.-C. Silbermann"},"content":{"rendered":"<p>\u00c0 l\u2019occasion de la parution de <a href=\"https:\/\/urdla.com\/accueil\/2340-comme-deux-gouttes-d-or.html\" target=\"_blank\" rel=\"noopener noreferrer\"><i>Comme deux gouttes d\u2019or<\/i><\/a>, dans la collection \u00ab Livres de peintres \u00bb, dessins et lithographies de Jean-Claude Silbermann accompagnant des po\u00e8mes de Christian Bernard, la Galerie Michel Descours et URDLA ont d\u00e9cid\u00e9 de renouveler leurs expositions communes en pr\u00e9sentant les soixante dessins \u00e0 l\u2019encre de Jean-Claude Silbermann (format 75 x 105 cm) qui servent d\u2019appui \u00e0 la conversation du peintre et du po\u00e8te.<\/p>\n<p>Silbermann, dans un texte qui donne son titre \u00e0 l\u2019exposition, \u00ab Une voie limpide \u00bb, d\u00e9voile le cheminent de la main que le pinceau dirige :<\/p>\n<p>\u00ab Le trait existe en puissance dans la retenue du pinceau.<br \/>\nEn premier lieu l\u2019ex\u00e9cutant d\u00e9cide o\u00f9 poser le pinceau charg\u00e9 d\u2019encre sur la feuille blanche.<br \/>\nSi, comme l\u2019avait d\u00e9cel\u00e9 Shitao, ce coup de pinceau initial contient tous les autres alors :<br \/>\nil suffit que l\u2019ex\u00e9cutant d\u00e9pose une infime tache d\u2019encre noire sur la feuille blanche ;<br \/>\nil suffit qu\u2019il regarde la feuille blanche ;<br \/>\nil suffit qu\u2019il aille se promener ;<br \/>\nil pourrait m\u00eame s\u2019en tenir \u00e0 faire la queue \u00e0 la caisse d\u2019un supermarch\u00e9, [\u2026] \u00bb<\/p>\n<p>En accompagnement, deux soir\u00e9es, l&rsquo;une, \u00e0 URDLA le 12 mars 2020 \u00e0 19 heures 30, de projection du film de Jean-Claude Silbermann et de rencontre avec son auteur : \u00ab Mais qui a sal\u00e9 la salade de c\u00e9leri ? \u00bb, \u00c9ditions SevenDoc, 2018 [<a href=\"https:\/\/www.youtube.com\/watch?v=MxuFx-nlUG0\" target=\"_blank\" rel=\"noopener noreferrer\">bande annonce<\/a>] et l&rsquo;autre, \u00e0 la libraire Michel Descours, le jeudi 16 avril 2020 \u00e0 19 heures de lecture et rencontre avec Christian Bernard.<\/p>\n<figure id=\"attachment_1944\" aria-describedby=\"caption-attachment-1944\" style=\"width: 1024px\" class=\"wp-caption aligncenter\"><img loading=\"lazy\" class=\"size-large wp-image-1944\" src=\"https:\/\/urdla.com\/blog\/wp-content\/uploads\/2020\/03\/visite-privee-1024x576.jpg\" alt=\"\" width=\"1024\" height=\"576\" srcset=\"https:\/\/urdla.com\/blog\/wp-content\/uploads\/2020\/03\/visite-privee-1024x576.jpg 1024w, https:\/\/urdla.com\/blog\/wp-content\/uploads\/2020\/03\/visite-privee-300x169.jpg 300w, https:\/\/urdla.com\/blog\/wp-content\/uploads\/2020\/03\/visite-privee-768x432.jpg 768w, https:\/\/urdla.com\/blog\/wp-content\/uploads\/2020\/03\/visite-privee-1536x864.jpg 1536w, https:\/\/urdla.com\/blog\/wp-content\/uploads\/2020\/03\/visite-privee-2048x1152.jpg 2048w, https:\/\/urdla.com\/blog\/wp-content\/uploads\/2020\/03\/visite-privee-2000x1125.jpg 2000w, https:\/\/urdla.com\/blog\/wp-content\/uploads\/2020\/03\/visite-privee-1568x882.jpg 1568w\" sizes=\"(max-width: 1024px) 100vw, 1024px\" \/><figcaption id=\"caption-attachment-1944\" class=\"wp-caption-text\"><a href=\"https:\/\/atome.green\/\">Atome<\/a> \u00a9<\/figcaption><\/figure>\n<p>Pr\u00e9c\u00e9demment \u00e0 URDLA :<br \/>\n<a href=\"https:\/\/urdla.com\/blog\/retourne-toi-pas-j-c-silbermann\/\" target=\"_blank\" rel=\"noopener noreferrer\"><em>Retourne toi pas<\/em>, Jean-Claude Silbermann, 2010<\/a><br \/>\n<a href=\"https:\/\/urdla.com\/blog\/la-langue-du-chat-d-nadaud-et-j-c-silbermann\/\" target=\"_blank\" rel=\"noopener noreferrer\"><em>La langue du chat<\/em>, Daniel Nadaud et Jean-Claude Silbermann, 2015<\/a><\/p>\n","protected":false},"excerpt":{"rendered":"<p>\u00c0 l\u2019occasion de la parution de \u00ab Comme deux gouttes d\u2019or \u00bb, dans la collection Livres de peintres,<br \/>\ndessins et lithographies de Jean-Claude Silbermann accompagnant des po\u00e8mes de Christian Bernard,<br \/>\nla Galerie Michel Descours et URDLA ont d\u00e9cid\u00e9 de renouveler leurs expositions communes en pr\u00e9sentant les soixante dessins \u00e0 l\u2019encre de Jean-Claude Silbermann qui servent d\u2019appui \u00e0 la conversation du peintre et du po\u00e8te.<\/p>\n","protected":false},"author":4,"featured_media":1348,"comment_status":"closed","ping_status":"closed","sticky":false,"template":"","format":"standard","meta":[],"categories":[7],"tags":[],"acf":[],"_links":{"self":[{"href":"https:\/\/urdla.com\/blog\/wp-json\/wp\/v2\/posts\/1304"}],"collection":[{"href":"https:\/\/urdla.com\/blog\/wp-json\/wp\/v2\/posts"}],"about":[{"href":"https:\/\/urdla.com\/blog\/wp-json\/wp\/v2\/types\/post"}],"author":[{"embeddable":true,"href":"https:\/\/urdla.com\/blog\/wp-json\/wp\/v2\/users\/4"}],"replies":[{"embeddable":true,"href":"https:\/\/urdla.com\/blog\/wp-json\/wp\/v2\/comments?post=1304"}],"version-history":[{"count":73,"href":"https:\/\/urdla.com\/blog\/wp-json\/wp\/v2\/posts\/1304\/revisions"}],"predecessor-version":[{"id":10787,"href":"https:\/\/urdla.com\/blog\/wp-json\/wp\/v2\/posts\/1304\/revisions\/10787"}],"wp:featuredmedia":[{"embeddable":true,"href":"https:\/\/urdla.com\/blog\/wp-json\/wp\/v2\/media\/1348"}],"wp:attachment":[{"href":"https:\/\/urdla.com\/blog\/wp-json\/wp\/v2\/media?parent=1304"}],"wp:term":[{"taxonomy":"category","embeddable":true,"href":"https:\/\/urdla.com\/blog\/wp-json\/wp\/v2\/categories?post=1304"},{"taxonomy":"post_tag","embeddable":true,"href":"https:\/\/urdla.com\/blog\/wp-json\/wp\/v2\/tags?post=1304"}],"curies":[{"name":"wp","href":"https:\/\/api.w.org\/{rel}","templated":true}]}}