{"id":121653,"date":"2025-06-11T16:50:36","date_gmt":"2025-06-11T14:50:36","guid":{"rendered":"https:\/\/urdla.com\/blog\/?p=121653"},"modified":"2025-07-18T17:17:34","modified_gmt":"2025-07-18T15:17:34","slug":"archi-lino","status":"publish","type":"post","link":"https:\/\/urdla.com\/blog\/archi-lino\/","title":{"rendered":"Archi-lino"},"content":{"rendered":"<h2><strong>Archi-lino<br \/>\n<\/strong>Laura Ben Ha\u00efba<br \/>\navec les \u00e9l\u00e8ves de TPS, toute petite section maternelle<br \/>\n\u00e9cole Simone Veil, Villeurbanne<\/h2>\n<p>\u00c0 partir d&rsquo;un mat\u00e9riel co-con\u00e7u par l&rsquo;artiste Laura Ben Ha\u00efba, leur professeure et l&rsquo;\u00e9quipe p\u00e9dagogique de la maternelle, les \u00e9l\u00e8ves de toute petite section ont \u00e9t\u00e9 invit\u00e9s \u00e0 explorer les formes et les couleurs de l&rsquo;architecture du groupe scolaire, inaugur\u00e9 il y a moins de deux ans. Encrant et imprimant des tampons de linol\u00e9um, ils ont d&rsquo;abord r\u00e9alis\u00e9 des impressions individuelles au cours de plusieurs s\u00e9ances \u00e0 l&rsquo;\u00e9cole puis des formats collectifs, 120 x 80 cm, \u00e0 URDLA, qu&rsquo;ils ont d\u00e9couvert \u00e0 l&rsquo;occasion de la derni\u00e8re s\u00e9ance du parcours. La rencontre avec Laura Ben Ha\u00efba et URDLA leur a ainsi permis d&rsquo;explorer un vocabulaire de formes et de couleurs, de travailler leur motricit\u00e9, de d\u00e9couvrir le plaisir d&rsquo;encrer et de jouer avec les impressions. Leurs travaux ont \u00e9t\u00e9 pr\u00e9sent\u00e9s aux familles lors de la restitution \u00e0 l&rsquo;\u00e9cole le 13 juin 2025.<\/p>\n<p>Un parcours d\u2019\u00e9ducation artistique et culturelle des \u00e9l\u00e8ves de TPS, toute petite section maternelle de l&rsquo;\u00e9cole Simone Veil, Villeurbanne :<\/p>\n<p>Adam, Adesuwa, Aliya, Amina, Andr\u00e9, Ayla, Aylan, Daliya, Daria,<\/p>\n<p>Djessim, Imany, Jana, Ka\u00efs, Kishana, Layna, Marya, N\u00e4yl, Noa,<\/p>\n<p>Na\u00ebl, Rayhana\u00a0et\u00a0Sandrine Fantozzi, ATSEM et H\u00e9l\u00e8ne Bretez, professeure des \u00e9coles.<\/p>\n<p>Avec le soutien de la Ville de Villeurbanne<\/p>\n<p>&nbsp;<\/p>\n<p>&nbsp;<\/p>\n","protected":false},"excerpt":{"rendered":"<p>Archi-lino<\/br><br \/>\n\u00c9cole Simone Veil, Villeurbanne<\/br><br \/>\nLaura Ben Ha\u00efba<\/br><\/p>\n","protected":false},"author":4,"featured_media":121674,"comment_status":"closed","ping_status":"closed","sticky":false,"template":"","format":"standard","meta":[],"categories":[12,58],"tags":[],"acf":[],"_links":{"self":[{"href":"https:\/\/urdla.com\/blog\/wp-json\/wp\/v2\/posts\/121653"}],"collection":[{"href":"https:\/\/urdla.com\/blog\/wp-json\/wp\/v2\/posts"}],"about":[{"href":"https:\/\/urdla.com\/blog\/wp-json\/wp\/v2\/types\/post"}],"author":[{"embeddable":true,"href":"https:\/\/urdla.com\/blog\/wp-json\/wp\/v2\/users\/4"}],"replies":[{"embeddable":true,"href":"https:\/\/urdla.com\/blog\/wp-json\/wp\/v2\/comments?post=121653"}],"version-history":[{"count":8,"href":"https:\/\/urdla.com\/blog\/wp-json\/wp\/v2\/posts\/121653\/revisions"}],"predecessor-version":[{"id":127119,"href":"https:\/\/urdla.com\/blog\/wp-json\/wp\/v2\/posts\/121653\/revisions\/127119"}],"wp:featuredmedia":[{"embeddable":true,"href":"https:\/\/urdla.com\/blog\/wp-json\/wp\/v2\/media\/121674"}],"wp:attachment":[{"href":"https:\/\/urdla.com\/blog\/wp-json\/wp\/v2\/media?parent=121653"}],"wp:term":[{"taxonomy":"category","embeddable":true,"href":"https:\/\/urdla.com\/blog\/wp-json\/wp\/v2\/categories?post=121653"},{"taxonomy":"post_tag","embeddable":true,"href":"https:\/\/urdla.com\/blog\/wp-json\/wp\/v2\/tags?post=121653"}],"curies":[{"name":"wp","href":"https:\/\/api.w.org\/{rel}","templated":true}]}}