{"id":119641,"date":"2026-01-02T14:00:52","date_gmt":"2026-01-02T13:00:52","guid":{"rendered":"https:\/\/urdla.com\/blog\/?p=119641"},"modified":"2026-04-28T11:38:39","modified_gmt":"2026-04-28T09:38:39","slug":"alan-romeira-estampes-region-auvergne-rhone-alpes","status":"publish","type":"post","link":"https:\/\/urdla.com\/blog\/alan-romeira-estampes-region-auvergne-rhone-alpes\/","title":{"rendered":"Alan Romeira, Stavente \u012d psi\u00e7\u00e3"},"content":{"rendered":"<section id=\"agenda__evenement\" class=\"eb-page eb-page-ajax page-evenement colonnes-3\" data-template=\"evenement\/_page\">\n<div class=\"colonne colonne-centre relative cb-w cf-agenda-dark eb-scrollbar ps ps--active-y\">\n<div class=\"content\">\n<div class=\"texte f-jo-18\">\n<p class=\"texte f-jo-18\">Du 31 janvier au 28 mars 2026, URDLA pr\u00e9sente <em>Stavente \u012d psi\u00e7\u00e3<\/em>, exposition monographique d&rsquo;Alan Romeira, 3e laur\u00e9at d&rsquo;Estampes en R\u00e9gion Auvergne-Rh\u00f4ne-Alpes.<\/p>\n<div class=\"texte f-jo-18\">\n<p>Rendues possibles par la sauvegarde d\u2019un patrimoine industriel et artisanal de\u0301volu a\u0300 la cre\u0301ation contemporaine dans ses expressions artistiques les plus varie\u0301es, les re\u0301sidences de URDLA trouvent aujourd\u2019hui un appui de la Re\u0301gion Auvergne-Rho\u0302ne-Alpes en direction de la jeune cre\u0301ation locale.Estampes en Re\u0301gion Auvergne-Rho\u0302ne-Alpes a\u0300 URDLA se veut une invitation a\u0300 une ou un artiste de moins de trente-cinq ans re\u0301sidant et\/ou travaillant dans la re\u0301gion a\u0300 venir s\u2019essayer aux pratiques de l\u2019image imprime\u0301e a\u0300 URDLA par la re\u0301alisation d\u2019une se\u0301rie d\u2019estampes originales suivie d\u2019une restitution publique.<\/p>\n<p>Pour cette troisie\u0300me e\u0301dition, Alan Romeira, laure\u0301at, pre\u0301sentera une exposition monographique. Ne\u0301 en 1999, diplo\u0302me\u0301 de l\u2019E\u0301cole des Beaux-Arts de Cambrai en 2021 puis de Valence en 2024, il vit et travaille a\u0300 Valence. Sa pratique prote\u0301iforme s\u2019articule autour d\u2019un travail de recherche engage\u0301 sur les (contre-)cultures et les formes de re\u0301sistances populaires.<\/p>\n<p>Ainsi, Alan Romeira pre\u0301sentera a\u0300 URDLA un nouveau cycle de recherches consacre\u0301 a\u0300 ses origines portugaises, dans la re\u0301gion de l\u2019Algarve, a\u0300 l\u2019extre\u0302me sud du pays. A\u0300 travers l\u2019e\u0301dition d\u2019un ensemble de lithographies ine\u0301dites issues de l\u2019album familial, mais aussi par des installations, il interrogera le parcours de ses grands-parents, ne\u0301s en Algarve, passe\u0301s par le Maroc avant de s\u2019installer dans le Sud-Ouest de la France.<\/p>\n<p>En prenant appui sur cette histoire familiale, Alan Romeira explore, a\u0300 travers archives, souvenirs, et codes visuels, des questions plus larges de me\u0301moire, d\u2019exil et d\u2019identite\u0301 collective, donnant a\u0300 son travail une dimension a\u0300 la fois poe\u0301tique et politique.<\/p>\n<\/div>\n<\/div>\n<\/div>\n<\/div>\n<\/section>\n<div class=\"page\" title=\"Page 1\">\n<div class=\"layoutArea\">\n<div class=\"column\">\n<p><img loading=\"lazy\" class=\" wp-image-168959 aligncenter\" src=\"https:\/\/urdla.com\/blog\/wp-content\/uploads\/2026\/01\/romeira2521web.jpg\" alt=\"\" width=\"860\" height=\"1049\" srcset=\"https:\/\/urdla.com\/blog\/wp-content\/uploads\/2026\/01\/romeira2521web.jpg 800w, https:\/\/urdla.com\/blog\/wp-content\/uploads\/2026\/01\/romeira2521web-246x300.jpg 246w, https:\/\/urdla.com\/blog\/wp-content\/uploads\/2026\/01\/romeira2521web-768x937.jpg 768w\" sizes=\"(max-width: 860px) 100vw, 860px\" \/><\/p>\n<p class=\"p6\">\u00ab <i>L\u2019Union des Romeira Domiciliants Loin de l\u2019Algarve n\u2019est pas une fiction. Elle rel\u00e8ve de ces r\u00e9cits familiaux qui sont \u00e0 l\u2019Histoire ce que leurs labeurs sont \u00e0 la gloire.<\/i> \u00bb<\/p>\n<p><a href=\"https:\/\/urdla.com\/blog\/sotavento-alan-romeira-cyrille-noirjean\/\">Lire la suite de \u00ab Sotavento \u00bb par <em>Alan Romeira<\/em> &amp; Cyrille Noirjean<\/a><\/p>\n<p>&nbsp;<\/p>\n<\/div>\n<\/div>\n<\/div>\n","protected":false},"excerpt":{"rendered":"<p>Du 31 janvier au 28 mars 2026, URDLA pr\u00e9sente Stavente \u012d psi\u00e7\u00e3, exposition monographique d&rsquo;Alan Romeira, 3e laur\u00e9at d&rsquo;Estampes en R\u00e9gion Auvergne-Rh\u00f4ne-Alpes.<\/p>\n","protected":false},"author":4,"featured_media":168950,"comment_status":"closed","ping_status":"closed","sticky":false,"template":"","format":"standard","meta":[],"categories":[7,13],"tags":[],"acf":[],"_links":{"self":[{"href":"https:\/\/urdla.com\/blog\/wp-json\/wp\/v2\/posts\/119641"}],"collection":[{"href":"https:\/\/urdla.com\/blog\/wp-json\/wp\/v2\/posts"}],"about":[{"href":"https:\/\/urdla.com\/blog\/wp-json\/wp\/v2\/types\/post"}],"author":[{"embeddable":true,"href":"https:\/\/urdla.com\/blog\/wp-json\/wp\/v2\/users\/4"}],"replies":[{"embeddable":true,"href":"https:\/\/urdla.com\/blog\/wp-json\/wp\/v2\/comments?post=119641"}],"version-history":[{"count":41,"href":"https:\/\/urdla.com\/blog\/wp-json\/wp\/v2\/posts\/119641\/revisions"}],"predecessor-version":[{"id":169500,"href":"https:\/\/urdla.com\/blog\/wp-json\/wp\/v2\/posts\/119641\/revisions\/169500"}],"wp:featuredmedia":[{"embeddable":true,"href":"https:\/\/urdla.com\/blog\/wp-json\/wp\/v2\/media\/168950"}],"wp:attachment":[{"href":"https:\/\/urdla.com\/blog\/wp-json\/wp\/v2\/media?parent=119641"}],"wp:term":[{"taxonomy":"category","embeddable":true,"href":"https:\/\/urdla.com\/blog\/wp-json\/wp\/v2\/categories?post=119641"},{"taxonomy":"post_tag","embeddable":true,"href":"https:\/\/urdla.com\/blog\/wp-json\/wp\/v2\/tags?post=119641"}],"curies":[{"name":"wp","href":"https:\/\/api.w.org\/{rel}","templated":true}]}}