{"id":1180,"date":"2019-12-06T10:03:21","date_gmt":"2019-12-06T09:03:21","guid":{"rendered":"https:\/\/urdla.com\/blog\/?p=1180"},"modified":"2019-12-17T11:23:10","modified_gmt":"2019-12-17T10:23:10","slug":"linsaisissble","status":"publish","type":"post","link":"https:\/\/urdla.com\/blog\/linsaisissble\/","title":{"rendered":"L\u2019insaisissable"},"content":{"rendered":"<p>Impressions des \u00e9tudiants de la classe pr\u00e9paratoire, Lyc\u00e9e Lumi\u00e8re de Lyon<br \/>\nsous la direction de J\u00e9r\u00e9my Liron<\/p>\n<p>Lieu de cr\u00e9ation &amp; de diffusion, URDLA se voue aussi \u00e0 la transmission et \u00e0 la formation. Dans ce contexte l\u2019association d\u00e9veloppe des partenariats avec les \u00e9coles d\u2019art pour la mise en oeuvre de masterclasses, ici, gr\u00e2ce au partenariat avec le Lyc\u00e9e Lumi\u00e8re de Lyon, la R\u00e9gion Auvergne-Rh\u00f4ne-Alpes, le Rectorat de Lyon, la R\u00e9gion acad\u00e9mique Auvergne-Rh\u00f4ne-Alpes et l\u2019Acad\u00e9mie de Lyon, et pour la troisi\u00e8me ann\u00e9e cons\u00e9cutive, l\u2019URDLA accueille 26 \u00e9tudiants de la classe pr\u00e9paratoire ouverte \u00e0 la rentr\u00e9e 2017. Se pr\u00e9parant aux concours d\u2019entr\u00e9e des \u00e9coles sup\u00e9rieures, ils s\u2019initient durant une semaine aux techniques de l\u2019<a href=\"https:\/\/urdla.com\/blog\/definition-estampe\/\">estampe<\/a> \u2013 taille d\u2019\u00e9pargne, taille-douce et <a href=\"https:\/\/urdla.com\/blog\/definition-lithographie\/\">lithographie<\/a>, sous la direction artistique de J\u00e9r\u00e9my Liron. Accompagn\u00e9s par leur \u00e9quipe p\u00e9dagogique et par l\u2019\u00e9quipe technique d\u2019URDLA, les \u00e9tudiants r\u00e9alisent les matrices et effectuent les tirages.<\/p>\n<p>Pour cette session, un emprunt \u00e0 Philippe Jaccottet sert d\u2019appui au travail des \u00e9tudiants : \u00ab Il se peut que la beaut\u00e9 naisse quand la limite et l\u2019illimit\u00e9 deviennent visibles en m\u00eame temps, c\u2019est-\u00e0-dire quand on voit les formes tout en devinant qu\u2019elles ne disent pas tout, qu\u2019elles laissent \u00e0 l\u2019insaisissable sa part. \u00bb<\/p>\n<p>&nbsp;<\/p>\n<p><a href=\"http:\/\/cpes-caap.lumiere.ac-lyon.fr\/\" target=\"_blank\" rel=\"noopener noreferrer\">Site du Lyc\u00e9e Lumi\u00e8re<\/a><\/p>\n<p>&nbsp;<\/p>\n<p>&nbsp;<\/p>\n","protected":false},"excerpt":{"rendered":"<p>Impressions des \u00e9tudiants de la classe pr\u00e9paratoire, Lyc\u00e9e Lumi\u00e8re de Lyon sous la direction de J\u00e9r\u00e9my Liron<\/p>\n<p>Vernissage samedi 14 d\u00e9cembre \u00e0 14 heures 30<br \/>\nExposition du 14 au 24 d\u00e9cembre 2019<\/p>\n","protected":false},"author":1,"featured_media":1199,"comment_status":"closed","ping_status":"closed","sticky":false,"template":"","format":"standard","meta":[],"categories":[7],"tags":[],"acf":[],"_links":{"self":[{"href":"https:\/\/urdla.com\/blog\/wp-json\/wp\/v2\/posts\/1180"}],"collection":[{"href":"https:\/\/urdla.com\/blog\/wp-json\/wp\/v2\/posts"}],"about":[{"href":"https:\/\/urdla.com\/blog\/wp-json\/wp\/v2\/types\/post"}],"author":[{"embeddable":true,"href":"https:\/\/urdla.com\/blog\/wp-json\/wp\/v2\/users\/1"}],"replies":[{"embeddable":true,"href":"https:\/\/urdla.com\/blog\/wp-json\/wp\/v2\/comments?post=1180"}],"version-history":[{"count":22,"href":"https:\/\/urdla.com\/blog\/wp-json\/wp\/v2\/posts\/1180\/revisions"}],"predecessor-version":[{"id":1261,"href":"https:\/\/urdla.com\/blog\/wp-json\/wp\/v2\/posts\/1180\/revisions\/1261"}],"wp:featuredmedia":[{"embeddable":true,"href":"https:\/\/urdla.com\/blog\/wp-json\/wp\/v2\/media\/1199"}],"wp:attachment":[{"href":"https:\/\/urdla.com\/blog\/wp-json\/wp\/v2\/media?parent=1180"}],"wp:term":[{"taxonomy":"category","embeddable":true,"href":"https:\/\/urdla.com\/blog\/wp-json\/wp\/v2\/categories?post=1180"},{"taxonomy":"post_tag","embeddable":true,"href":"https:\/\/urdla.com\/blog\/wp-json\/wp\/v2\/tags?post=1180"}],"curies":[{"name":"wp","href":"https:\/\/api.w.org\/{rel}","templated":true}]}}