{"id":112022,"date":"2025-06-12T15:05:24","date_gmt":"2025-06-12T13:05:24","guid":{"rendered":"https:\/\/urdla.com\/blog\/?p=112022"},"modified":"2025-07-17T15:07:18","modified_gmt":"2025-07-17T13:07:18","slug":"unissons","status":"publish","type":"post","link":"https:\/\/urdla.com\/blog\/unissons\/","title":{"rendered":"Unissons"},"content":{"rendered":"<h2><strong>Unissons<br \/>\n<\/strong>Robinson Haas<br \/>\navec les \u00e9l\u00e8ves de CP, CE1 et CM1<br \/>\n\u00e9cole Simone Veil, Villeurbanne<\/h2>\n<p>Comment \u00e9crire collectivement un r\u00e9cit graphique ? Comment interpr\u00e9ter individuellement un \u00e9crit tout en conservant une coh\u00e9rence plastique globale ? \u00c0 partir d&rsquo;un r\u00e9pertoire restreint de formes propos\u00e9es par l&rsquo;artiste, les enfants des classes de CP, CM1 et CM1 sont invit\u00e9s \u00e0 illustrer un conte. Comme une langue commune, tant\u00f4t figurative tant\u00f4t abstraite, cet ensemble de formes permet aux enfants de composer leur propre image. Pour ce faire, chacun se voit attribuer une partie textuelle de l&rsquo;histoire dont lui seul a la charge d&rsquo;en g\u00e9n\u00e9rer une illustration. La somme de toutes ces interpr\u00e9tations, r\u00e9alis\u00e9es \u00e0 travers des esquisses pr\u00e9paratoires jusqu&rsquo;\u00e0 une s\u00e9rie d&rsquo;estampes \u00e0 URDLA, constitue un r\u00e9cit global coh\u00e9rent emprunt de la sensibilit\u00e9 de chaque \u00e9l\u00e8ve. Le projet invite les enfants \u00e0 explorer des questions plastiques de composition, de sensations color\u00e9es et de paysage entre abstraction et figuration \u00e0 travers une exp\u00e9rience de cr\u00e9ation collective et collaborative.<br \/>\nRobinson Haas<\/p>\n<p>Un parcours d\u2019\u00e9ducation artistique et culturelle des \u00e9l\u00e8ves de CP, CE1 et CM1 de l&rsquo;\u00e9cole Simone Veil, Villeurbanne :<\/p>\n<p>N\u00efam, Jenna, Mohamed, Houari, Bader, Abdelwakil, Wilfired Kylian, Kaisn Harding, Liana, A\u00efla, Lina, Hind, Mia, Zeynep<\/p>\n<p>Hafsa Abigaelle, Bilal, Chamse, Thyia, Patricia, Thayana, Idris Youssouf, Anas, Mohamed Ali, I Elias, Hana, Muhammad, Ernest<\/p>\n<p>Adam, Mohammed Amine, Meriem, Mathis, Mahely, Amir, Imrane, Aaron, Selma, Fatoumata-Hamed, Nori, Mohamed, Marc, Draven, Ilyana, Rikynaze, Ali, Rida, Yllzona, Aldin, Alesjo, Lisa<\/p>\n<p>et C\u00e9cile Boukabza, Aurore Chay et Camille Panisset, professeures des \u00e9coles.<\/p>\n<p>Avec le soutien de la Ville de Villeurbanne<\/p>\n<p>&nbsp;<\/p>\n<p>&nbsp;<\/p>\n","protected":false},"excerpt":{"rendered":"<p>Unissons<\/br><br \/>\n\u00c9cole Simone Veil, Villeurbanne<\/br><br \/>\nRobinson Haas<\/br><\/p>\n","protected":false},"author":4,"featured_media":112035,"comment_status":"closed","ping_status":"closed","sticky":false,"template":"","format":"standard","meta":[],"categories":[12,58],"tags":[],"acf":[],"_links":{"self":[{"href":"https:\/\/urdla.com\/blog\/wp-json\/wp\/v2\/posts\/112022"}],"collection":[{"href":"https:\/\/urdla.com\/blog\/wp-json\/wp\/v2\/posts"}],"about":[{"href":"https:\/\/urdla.com\/blog\/wp-json\/wp\/v2\/types\/post"}],"author":[{"embeddable":true,"href":"https:\/\/urdla.com\/blog\/wp-json\/wp\/v2\/users\/4"}],"replies":[{"embeddable":true,"href":"https:\/\/urdla.com\/blog\/wp-json\/wp\/v2\/comments?post=112022"}],"version-history":[{"count":7,"href":"https:\/\/urdla.com\/blog\/wp-json\/wp\/v2\/posts\/112022\/revisions"}],"predecessor-version":[{"id":126319,"href":"https:\/\/urdla.com\/blog\/wp-json\/wp\/v2\/posts\/112022\/revisions\/126319"}],"wp:featuredmedia":[{"embeddable":true,"href":"https:\/\/urdla.com\/blog\/wp-json\/wp\/v2\/media\/112035"}],"wp:attachment":[{"href":"https:\/\/urdla.com\/blog\/wp-json\/wp\/v2\/media?parent=112022"}],"wp:term":[{"taxonomy":"category","embeddable":true,"href":"https:\/\/urdla.com\/blog\/wp-json\/wp\/v2\/categories?post=112022"},{"taxonomy":"post_tag","embeddable":true,"href":"https:\/\/urdla.com\/blog\/wp-json\/wp\/v2\/tags?post=112022"}],"curies":[{"name":"wp","href":"https:\/\/api.w.org\/{rel}","templated":true}]}}