{"id":109711,"date":"2025-06-05T17:18:51","date_gmt":"2025-06-05T15:18:51","guid":{"rendered":"https:\/\/urdla.com\/blog\/?p=109711"},"modified":"2025-09-25T16:49:34","modified_gmt":"2025-09-25T14:49:34","slug":"beaujeu-et-belles-vignettes","status":"publish","type":"post","link":"https:\/\/urdla.com\/blog\/beaujeu-et-belles-vignettes\/","title":{"rendered":"Beaujeu et Belles Vignettes"},"content":{"rendered":"<h3><strong>Beaujeu et Belles Vignettes<br \/>\n<\/strong>Laura Ben Ha\u00efba, artiste<br \/>\nFr\u00e9d\u00e9ric Khodja, professeur d&rsquo;arts plastiques<br \/>\nMarie Haquet, responsable scientifique du Mus\u00e9e Marius Audin &#8211; Commune de Beaujeu<br \/>\navec les \u00e9l\u00e8ves de 5\u00b02,<br \/>\ncoll\u00e8ge du Val d&rsquo;Ardi\u00e8res, Beaujeu<\/h3>\n<p class=\"p1\">Pour la 4\u00e8me ann\u00e9e cons\u00e9cutive, le Mus\u00e9e Marius Audin, le coll\u00e8ge du Val d\u2019Ardi\u00e8re et URDLA se sont associ\u00e9s pour <span class=\"s1\">co-construire<\/span> un projet d\u2019\u00e9ducation artistique et culturelle. Avec l&rsquo;invitation artistique de Laura Ben Ha\u00efba<span class=\"s1\"> et l\u2019accompagnement de leur professeur Fr\u00e9d\u00e9ric Khodja<\/span>, les \u00e9l\u00e8ves <span class=\"s1\">ont chemin\u00e9 entre patrimoine et arts visuels pour cr\u00e9er <\/span>une s\u00e9rie de petits formats destin\u00e9s \u00e0 retranscrire leur perception du territoire.<\/p>\n<p class=\"p1\">Lors de la premi\u00e8re s\u00e9ance et de la d\u00e9ambulation dans Beaujeu, \u00e0 la d\u00e9couverte de son patrimoine, les \u00e9l\u00e8ves ont \u00e9t\u00e9 invit\u00e9s \u00e0 \u00eatre attentifs aux \u00e9critures sur les murs et aux \u00e9tiquettes. Ils ont notamment d\u00e9couvert l\u2019Apothicairerie et La Chapelle de l\u2019h\u00f4pital, l\u2019\u00e9glise, le caveau, l\u2019ancien moulin \u00e0 vent. Chaque \u00e9l\u00e8ve s\u2019est vu remettre un carnet dans lequel ils ont gard\u00e9 des traces tout le long du projet.<\/p>\n<p class=\"p6\">Lors de la deuxi\u00e8me s\u00e9ance au coll\u00e8ge avec Laura Ben Ha\u00efba, l\u2019artiste leur a montr\u00e9 un corpus d\u2019\u00e9tiquettes. Sur les tables des raisins, des \u00e9pices, les \u00e9l\u00e8ves ont \u00e9t\u00e9 invit\u00e9s \u00e0 une d\u00e9gustation, notamment de K\u00e9fir. Puis Laura Ben Ha\u00efba leur a propos\u00e9 d\u2019inventer leur propre boisson, sa recette puis d\u2019imaginer son nom et quelle serait son \u00e9tiquette.<\/p>\n<p class=\"p6\">Les \u00e9l\u00e8ves ont pass\u00e9 une journ\u00e9e \u00e0 URDLA : gravure des \u00e9tiquettes, impressions typographiques des noms de leurs boissons \u00e0 l\u2019aide la presse Freinet, d\u00e9couverte du lieu qu\u2019ils ont trouv\u00e9 impressionnant et enthousiasmant.<\/p>\n<p class=\"p6\">Le vernissage de la restitution de leur parcours a eu lieu le 6 juin 2025 \u00e0 la Maison du terroir en Beaujolais.<\/p>\n<p>Un parcours d\u2019\u00e9ducation artistique et culturelle des \u00e9l\u00e8ves de 5\u00b02, du coll\u00e8ge du Val d&rsquo;Ardi\u00e8res, Beaujeu :<\/p>\n<p><i>Thibault Cinquin, Paul Compain, Lucas Cornier, Poema Croze, L\u00e9onie Cuillerier,<\/i><i>Lucas Descombes, Timoth\u00e9 Descombes, Am\u00e9lien Ducrot, Benoit Durif,<\/i><i> Guillaume Espin, L\u00e9ora Gayaud-Berry, Nathan Guilbaud, <\/i><i>Hana\u00e9 Jandard, Simon Manigand, Justine Martin, Alban Monchanin,\u00a0<\/i><i>Ma\u00ebl Noirard, M\u00e9linda Perrin, <\/i><i>Lyne Rebenaque-Martinez, <\/i><i>Lola Rochette, Eloise Sambardier, Eliot Sanchez, Gabriel Thevenin.<\/i><\/p>\n<p>Avec le soutien de la DAAC, D\u00e9l\u00e9gation acad\u00e9mique aux arts et la culture de l\u2019Acad\u00e9mie de Lyon, de la Commune de Beaujeu et du Minist\u00e8re de la Culture &#8211; Pass culture<\/p>\n<p>&nbsp;<\/p>\n<p>&nbsp;<\/p>\n","protected":false},"excerpt":{"rendered":"<p>Beaujeu et Belles Vignettes<\/br><br \/>\nColl\u00e8ge du Val d&rsquo;Ardi\u00e8res, Beaujeu<\/br><br \/>\nLaura Ben Ha\u00efba<\/br><\/p>\n","protected":false},"author":4,"featured_media":109722,"comment_status":"closed","ping_status":"closed","sticky":false,"template":"","format":"standard","meta":[],"categories":[12,58],"tags":[],"acf":[],"_links":{"self":[{"href":"https:\/\/urdla.com\/blog\/wp-json\/wp\/v2\/posts\/109711"}],"collection":[{"href":"https:\/\/urdla.com\/blog\/wp-json\/wp\/v2\/posts"}],"about":[{"href":"https:\/\/urdla.com\/blog\/wp-json\/wp\/v2\/types\/post"}],"author":[{"embeddable":true,"href":"https:\/\/urdla.com\/blog\/wp-json\/wp\/v2\/users\/4"}],"replies":[{"embeddable":true,"href":"https:\/\/urdla.com\/blog\/wp-json\/wp\/v2\/comments?post=109711"}],"version-history":[{"count":9,"href":"https:\/\/urdla.com\/blog\/wp-json\/wp\/v2\/posts\/109711\/revisions"}],"predecessor-version":[{"id":148412,"href":"https:\/\/urdla.com\/blog\/wp-json\/wp\/v2\/posts\/109711\/revisions\/148412"}],"wp:featuredmedia":[{"embeddable":true,"href":"https:\/\/urdla.com\/blog\/wp-json\/wp\/v2\/media\/109722"}],"wp:attachment":[{"href":"https:\/\/urdla.com\/blog\/wp-json\/wp\/v2\/media?parent=109711"}],"wp:term":[{"taxonomy":"category","embeddable":true,"href":"https:\/\/urdla.com\/blog\/wp-json\/wp\/v2\/categories?post=109711"},{"taxonomy":"post_tag","embeddable":true,"href":"https:\/\/urdla.com\/blog\/wp-json\/wp\/v2\/tags?post=109711"}],"curies":[{"name":"wp","href":"https:\/\/api.w.org\/{rel}","templated":true}]}}